{"id":59801,"date":"2023-06-21T17:28:20","date_gmt":"2023-06-21T20:28:20","guid":{"rendered":"https:\/\/www.todoeldia.com\/?p=59801"},"modified":"2023-06-21T17:28:22","modified_gmt":"2023-06-21T20:28:22","slug":"martin-fierro-2023-la-lista-completa-de-nominados","status":"publish","type":"post","link":"https:\/\/www.todoeldia.com\/index.php\/2023\/06\/21\/martin-fierro-2023-la-lista-completa-de-nominados\/","title":{"rendered":"Mart\u00edn Fierro 2023: la lista completa de nominados"},"content":{"rendered":"\n<p>Luis Ventura y Ver\u00f3nica Lozano dieron la lista de los programas, producciones y trabajadores de la televisi\u00f3n que buscar\u00e1n quedarse con una estatuilla.<\/p>\n\n\n\n<p>Se acercan los Premios Mart\u00edn Fierro 2023 y se conocieron los programas, producciones y trabajadores de la televisi\u00f3n que est\u00e1n nominados para llevarse una estatuilla. Tras conocerse que ser\u00e1 Santiago del Moro el conductor de la noche m\u00e1s prestigiosa de la pantalla chica y no Marley, Luis Ventura estuvo junto a Ver\u00f3nica Lozano para dar a conocer la lista de ternados.<\/p>\n\n\n\n<p>El presidente de APTRA fue invitado por la conductora de &#8220;Cort\u00e1 por Lozano&#8221; para dar las ternas de la nueva edici\u00f3n del Mart\u00edn Fierro. La elecci\u00f3n del programa no fue casual, ya que en esa se\u00f1al se transmitir\u00e1 la entrega de premios que tendr\u00e1 lugar el domingo 9 de julio.<\/p>\n\n\n\n<p>Nominados del Martin Fierro 2023<\/p>\n\n\n\n<p><strong>Ficci\u00f3n<\/strong><\/p>\n\n\n\n<ul class=\"wp-block-list\">\n<li>&#8220;Dos 20&#8221; &#8211; TV P\u00fablica<\/li>\n\n\n\n<li>&#8220;El hincha&#8221; &#8211; El Nueve<\/li>\n\n\n\n<li>&#8220;El primero de nosotros&#8221; &#8211; Telefe<\/li>\n\n\n\n<li>&#8220;La 1-5\/18&#8221; &#8211; El Trece<\/li>\n<\/ul>\n\n\n\n<p><strong>Rubro period\u00edstico<\/strong><\/p>\n\n\n\n<ul class=\"wp-block-list\">\n<li>&#8220;Animales sueltos&#8221; &#8211; Am\u00e9rica<\/li>\n\n\n\n<li>&#8220;Periodismo para todos&#8221; &#8211; El trece<\/li>\n\n\n\n<li>&#8220;Opini\u00f3n p\u00fablica&#8221; &#8211; El Nueve<\/li>\n<\/ul>\n\n\n\n<p><strong>Humor\u00edstico \/ Actualidad<\/strong><\/p>\n\n\n\n<ul class=\"wp-block-list\">\n<li>&#8220;Bendita TV&#8221; &#8211; El Nueve<\/li>\n\n\n\n<li>&#8220;La pu** ama&#8221; &#8211; Am\u00e9rica<\/li>\n\n\n\n<li>&#8220;No es tan tarde&#8221; &#8211; Telefe<\/li>\n<\/ul>\n\n\n\n<p><strong>Noticiero diurno<\/strong><\/p>\n\n\n\n<ul class=\"wp-block-list\">\n<li>&#8220;Am\u00e9rica Noticias&#8221; &#8211; Am\u00e9rica<\/li>\n\n\n\n<li>&#8220;El noticiero de la gente&#8221; &#8211; Telefe<\/li>\n\n\n\n<li>&#8220;Telenueve al mediod\u00eda&#8221; &#8211; El Nueve<\/li>\n<\/ul>\n\n\n\n<p><strong>Noticiero nocturno<\/strong><\/p>\n\n\n\n<ul class=\"wp-block-list\">\n<li>&#8220;Am\u00e9rica Noticias&#8221; &#8211; Am\u00e9rica<\/li>\n\n\n\n<li>&#8220;En s\u00edntesis&#8221; &#8211; El trece<\/li>\n\n\n\n<li>&#8220;Telefe Noticias&#8221; &#8211; Telefe<\/li>\n<\/ul>\n\n\n\n<p><strong>Inter\u00e9s general<\/strong><\/p>\n\n\n\n<ul class=\"wp-block-list\">\n<li>&#8220;Almorzando con Juana&#8221; &#8211; Telefe<\/li>\n\n\n\n<li>&#8220;Gran Hermano, el debate&#8221; &#8211; Telefe<\/li>\n\n\n\n<li>&#8220;Podemos hablar&#8221; &#8211; Telefe<\/li>\n<\/ul>\n\n\n\n<p><strong>Magazine<\/strong><\/p>\n\n\n\n<ul class=\"wp-block-list\">\n<li>&#8220;Cort\u00e1 por lozano&#8221; &#8211; Telefe<\/li>\n\n\n\n<li>&#8220;A la Barbarossa&#8221; &#8211; Telefe<\/li>\n\n\n\n<li>&#8220;A la tarde&#8221; &#8211; Telefe<\/li>\n<\/ul>\n\n\n\n<p><strong>Entretenimiento: juegos<\/strong><\/p>\n\n\n\n<ul class=\"wp-block-list\">\n<li>&#8220;100 argentinos dicen&#8221; &#8211; El trece<\/li>\n\n\n\n<li>&#8220;Bienvenidos a bordo&#8221; &#8211; El trece<\/li>\n\n\n\n<li>&#8220;Trato hecho&#8221; &#8211; Telefe<\/li>\n<\/ul>\n\n\n\n<p><strong>Entretenimiento: conocimiento<\/strong><\/p>\n\n\n\n<ul class=\"wp-block-list\">\n<li>&#8220;La hora exacta&#8221; &#8211; El nueve<\/li>\n\n\n\n<li>&#8220;Los ocho escalones del mill\u00f3n&#8221; &#8211; El trece<\/li>\n\n\n\n<li>&#8220;Pasapalabra&#8221; &#8211; Telefe<\/li>\n<\/ul>\n\n\n\n<p><strong>Big Show<\/strong><\/p>\n\n\n\n<ul class=\"wp-block-list\">\n<li>&#8220;Canta conmigo ahora&#8221; &#8211; El trece<\/li>\n\n\n\n<li>&#8220;La voz argentina&#8221; &#8211; Telefe<\/li>\n\n\n\n<li>&#8220;Qui\u00e9n es la m\u00e1scara&#8221; &#8211; Telefe<\/li>\n<\/ul>\n\n\n\n<p><strong>Reality<\/strong><\/p>\n\n\n\n<ul class=\"wp-block-list\">\n<li>&#8220;Hotel de los famosos&#8221; &#8211; El trece<\/li>\n\n\n\n<li>&#8220;Gran Hermano&#8221; &#8211; Telefe<\/li>\n\n\n\n<li>&#8220;MasterChef Celebrity&#8221; &#8211; Telefe<\/li>\n<\/ul>\n\n\n\n<p><strong>Labor en conducci\u00f3n masculina<\/strong><\/p>\n\n\n\n<ul class=\"wp-block-list\">\n<li>\u00c1ngel de Brito &#8211; &#8220;LAM&#8221;, Am\u00e9rica<\/li>\n\n\n\n<li>Santiago del Moro &#8211; &#8220;Gran Hermano&#8221; y &#8220;MasterChef Celebrity&#8221;, Telefe<\/li>\n\n\n\n<li>Guido Kaczka &#8211; &#8220;Los 8 escalones del mill\u00f3n&#8221;, El Trece<\/li>\n\n\n\n<li>Fernando &#8221;Coco&#8221; Sily (Noche de Mente &#8211; Tv P\u00fablica) &#8211;<\/li>\n\n\n\n<li>Alejandro &#8221;Marley&#8221; Wiebe (Por el mundo\/Por el mundo Mundial y La Voz Argentina &#8211; Telefe)<\/li>\n<\/ul>\n\n\n\n<p><strong>Labor en conducci\u00f3n femenina<\/strong><\/p>\n\n\n\n<ul class=\"wp-block-list\">\n<li>Carolina &#8220;Pampita&#8221; Ardohain &#8211; &#8220;El hotel de los famosos&#8221;, El trece<\/li>\n\n\n\n<li>Georgina Barbarossa &#8211; &#8220;A la Barbarossa&#8221;, Telefe<\/li>\n\n\n\n<li>Mirtha Legrand &#8211; &#8220;La Noche de Mirtha&#8221;, El Trece<\/li>\n\n\n\n<li>Ver\u00f3nica Lozano &#8211; &#8220;Cort\u00e1 por Lozano&#8221;, Telefe<\/li>\n<\/ul>\n\n\n\n<p><strong>Labor period\u00edstica masculina<\/strong><\/p>\n\n\n\n<ul class=\"wp-block-list\">\n<li>Rodolfo Barili &#8211; &#8220;Telefe Noticias&#8221;, Telefe<\/li>\n\n\n\n<li>Rolando Gra\u00f1a &#8211; &#8220;Am\u00e9rica Noticias&#8221;, Am\u00e9rica<\/li>\n\n\n\n<li>Jorge Lanata &#8211; &#8220;Periodismo para todos&#8221;, El trece<\/li>\n\n\n\n<li>Mauro Szeta &#8211; &#8220;El Noticiero de la Gente&#8221;, Telefe<\/li>\n<\/ul>\n\n\n\n<p><strong>Labor period\u00edstica femenina<\/strong><\/p>\n\n\n\n<ul class=\"wp-block-list\">\n<li>Liliana Caruso &#8211; &#8220;Am\u00e9rica Noticias&#8221;, Am\u00e9rica<\/li>\n\n\n\n<li>\u00c1ngela Lerena &#8211; &#8220;Rumbo a Qatar&#8221;, TV P\u00fablica<\/li>\n\n\n\n<li>Dominiquie Metzger &#8211; &#8220;Telenoche&#8221;, El Trece<\/li>\n<\/ul>\n\n\n\n<p><strong>Cronista \/ Movilero<\/strong><\/p>\n\n\n\n<ul class=\"wp-block-list\">\n<li>Carolina Amoroso &#8211; &#8220;Telenoche&#8221;, El Trece<\/li>\n\n\n\n<li>Guillermo Panizza &#8211; &#8220;Telefe Noticias&#8221;, Telefe<\/li>\n\n\n\n<li>Gustavo Tubio &#8211; &#8220;Arriba argentinos&#8221;, El Trece<\/li>\n<\/ul>\n\n\n\n<p><strong>Panelista<\/strong><\/p>\n\n\n\n<ul class=\"wp-block-list\">\n<li>Mariel Di Lenarda &#8211; &#8220;Nosotros a la ma\u00f1ana&#8221;, El Trece<\/li>\n\n\n\n<li>Yanina Latorre &#8211; &#8220;LAM&#8221;, Am\u00e9rica<\/li>\n\n\n\n<li>Sol P\u00e9rez &#8211; &#8220;Gran Hermano El Debate&#8221;, Telefe<\/li>\n<\/ul>\n\n\n\n<p><strong>Producci\u00f3n integral<\/strong><\/p>\n\n\n\n<ul class=\"wp-block-list\">\n<li>&#8220;Gran Hermano&#8221; &#8211; Telefe<\/li>\n\n\n\n<li>&#8220;La voz argentina&#8221; &#8211; Telefe<\/li>\n\n\n\n<li>&#8220;\u00bfQui\u00e9n es la m\u00e1scara?&#8221; &#8211; Telefe<\/li>\n<\/ul>\n\n\n\n<p><strong>Actor protagonista de ficci\u00f3n<\/strong><\/p>\n\n\n\n<ul class=\"wp-block-list\">\n<li>Luciano Castro &#8211; &#8220;El primero de nosotros&#8221;, Telefe<\/li>\n\n\n\n<li>Dami\u00e1n de Santo &#8211; &#8220;El hincha&#8221;, El Nueve<\/li>\n\n\n\n<li>Luis Mach\u00edn &#8211; &#8220;El primero de nosotros&#8221;, Telefe<\/li>\n\n\n\n<li>Benjam\u00edn Vicu\u00f1a &#8211; &#8220;El primero de nosotros&#8221;, Telefe<\/li>\n<\/ul>\n\n\n\n<p><strong>Actriz protagonista de ficci\u00f3n<\/strong><\/p>\n\n\n\n<ul class=\"wp-block-list\">\n<li>Selva Alem\u00e1n &#8211; &#8220;Activamente&#8221;, &#8220;Dos 20&#8221;, TV P\u00fablica<\/li>\n\n\n\n<li>Jorgelina Aruzzi &#8211; &#8220;El primero de nosotros&#8221;, Telefe<\/li>\n\n\n\n<li>Mercedes Funes &#8211; &#8220;El primero de nosotros&#8221;, Telefe<\/li>\n\n\n\n<li>Paola Krum &#8211; &#8220;El primero de nosotros&#8221;, Telefe<\/li>\n<\/ul>\n\n\n\n<p><strong>Deportivo<\/strong><\/p>\n\n\n\n<ul class=\"wp-block-list\">\n<li>&#8220;Pasi\u00f3n por el f\u00fatbol&#8221; &#8211; El trece<\/li>\n\n\n\n<li>&#8220;Selecci\u00f3n argentina, la serie&#8221; &#8211; El nueve<\/li>\n\n\n\n<li>&#8220;Somos mundiales&#8221; &#8211; TV P\u00fablica<\/li>\n<\/ul>\n\n\n\n<p><strong>Musical<\/strong><\/p>\n\n\n\n<ul class=\"wp-block-list\">\n<li>&#8220;Festival pa\u00eds&#8221; &#8211; TV P\u00fablica<\/li>\n\n\n\n<li>&#8220;La pe\u00f1a del morfi&#8221; &#8211; Telefe<\/li>\n\n\n\n<li>&#8220;Pasi\u00f3n de s\u00e1bado&#8221; &#8211; Am\u00e9rica<\/li>\n\n\n\n<li>&#8220;Puente musical&#8221; &#8211; El Nueve<\/li>\n\n\n\n<li>&#8220;Un\u00edsono&#8221; &#8211; TV P\u00fablica<\/li>\n<\/ul>\n\n\n\n<p><strong>Gastronom\u00eda<\/strong><\/p>\n\n\n\n<ul class=\"wp-block-list\">\n<li>&#8220;Ariel en su salsa&#8221; &#8211; Telefe<\/li>\n\n\n\n<li>&#8220;Cocineros y cocineras argentinas&#8221; &#8211; TV P\u00fablica<\/li>\n\n\n\n<li>&#8220;Qu\u00e9 ma\u00f1ana&#8221; &#8211; El nueve<\/li>\n<\/ul>\n\n\n\n<p><strong>Viajes y turismo<\/strong><\/p>\n\n\n\n<ul class=\"wp-block-list\">\n<li>&#8220;Un peque\u00f1o gran viaje&#8221; &#8211; Telefe<\/li>\n\n\n\n<li>&#8220;Pa\u00eds federal&#8221; &#8211; TV P\u00fablica<\/li>\n\n\n\n<li>&#8220;Resto del mundo&#8221; &#8211; El Trece<\/li>\n<\/ul>\n\n\n\n<p><strong>Actor de reparto<\/strong><\/p>\n\n\n\n<ul class=\"wp-block-list\">\n<li>Ariel Fanego &#8211; &#8220;El primero de nosotros&#8221;, Telefe<\/li>\n\n\n\n<li>Sebasti\u00e1n Presta &#8211; &#8220;El primero de nosotros&#8221;, Telefe<\/li>\n\n\n\n<li>Daniel Valenzuela &#8211; &#8220;El hincha&#8221;, El Nueve<\/li>\n<\/ul>\n\n\n\n<p><strong>Actriz de reparto<\/strong><\/p>\n\n\n\n<ul class=\"wp-block-list\">\n<li>Carola Reyna &#8211; &#8220;El primero de nosotros&#8221;, Telefe<\/li>\n\n\n\n<li>Nancy Dupl\u00e1a &#8211; &#8220;Supernova&#8221;, El Nueve<\/li>\n\n\n\n<li>Violeta Urtizberea &#8211; &#8220;La 1-5\/18&#8221;, El Trece<\/li>\n<\/ul>\n\n\n\n<p><strong>Revelaci\u00f3n<\/strong><\/p>\n\n\n\n<ul class=\"wp-block-list\">\n<li>Federico Bal &#8211; &#8220;Resto del mundo&#8221;, El Trece<\/li>\n\n\n\n<li>Roc\u00edo G\u00f3mez Wlosko &#8211; &#8220;El primero de nosotros&#8221;, Telefe<\/li>\n\n\n\n<li>Wanda Nara &#8211; &#8220;\u00bfQui\u00e9n es la m\u00e1scara?&#8221;, Telefe<\/li>\n<\/ul>\n\n\n\n<p><strong>Cultural \/ Educativo<\/strong><\/p>\n\n\n\n<ul class=\"wp-block-list\">\n<li>&#8220;Archivo general de la emoci\u00f3n&#8221; &#8211; TV P\u00fablica<\/li>\n\n\n\n<li>&#8220;La liga de la ciencia&#8221; &#8211; TV P\u00fablica<\/li>\n\n\n\n<li>&#8220;Noche demente&#8221; &#8211; TV P\u00fablica<\/li>\n<\/ul>\n\n\n\n<p><strong>Juvenil<\/strong><\/p>\n\n\n\n<ul class=\"wp-block-list\">\n<li>&#8220;Altavoz&#8221; &#8211; TV P\u00fablica<\/li>\n\n\n\n<li>&#8220;Futuralia&#8221; &#8211; TV P\u00fablica<\/li>\n\n\n\n<li>&#8220;Instalate&#8221; &#8211; Am\u00e9rica<\/li>\n<\/ul>\n\n\n\n<p><strong>Labor Humor\u00edstica&nbsp;<\/strong><\/p>\n\n\n\n<ul class=\"wp-block-list\">\n<li>Dan Breitman &#8211; &#8220;La puta ama&#8221;, Am\u00e9rica<\/li>\n\n\n\n<li>Mart\u00edn &#8220;Campi&#8221; Campilongo &#8211; &#8220;Flor de equipo&#8221;, Telefe<\/li>\n\n\n\n<li>&#8220;Pichu&#8221; Straneo &#8211; &#8220;Recreo&#8221;, Am\u00e9rica<\/li>\n<\/ul>\n\n\n\n<p><strong>Autor \/ Guionista<\/strong><\/p>\n\n\n\n<ul class=\"wp-block-list\">\n<li>Nicol\u00e1s Allegro, Daniel Aramayo y Sabrina Blanco &#8211; &#8220;El Hincha&#8221;, El Nueve<\/li>\n\n\n\n<li>Ignacio Apolo y Federico Marrale &#8211; &#8220;Dos 20&#8221;, TV P\u00fablica<\/li>\n\n\n\n<li>Ernesto Korovsky y Romina Moretto &#8211; &#8220;El primero de nosotros&#8221;, Telefe<\/li>\n<\/ul>\n\n\n\n<p><strong>Direcci\u00f3n (Ficci\u00f3n)<\/strong><\/p>\n\n\n\n<ul class=\"wp-block-list\">\n<li>Alejandro Ciancio &#8211; &#8220;El Hincha&#8221;, El Nueve<\/li>\n\n\n\n<li>Alejadro Ib\u00e1\u00f1ez y Jorge Nisco &#8211; &#8220;La 1-5\/8&#8221;, El Trece<\/li>\n\n\n\n<li>Pablo V\u00e1zquez y Pablo Ambrosino &#8211; &#8220;El primero de nosotros&#8221;, Telefe<\/li>\n<\/ul>\n\n\n\n<p><strong>Direcci\u00f3n (No Ficci\u00f3n)<\/strong><\/p>\n\n\n\n<ul class=\"wp-block-list\">\n<li>Lucas Arecco (&#8220;LAM&#8221;, &#8220;La noche de la V&#8221; y &#8220;Manda Play&#8221; \u2013 Am\u00e9rica)<\/li>\n\n\n\n<li>Claudio Cuscuela &#8211; &#8220;Masterchef Celebrity &#8211; Telefe<\/li>\n\n\n\n<li>Eugenio Gorkin &#8211; &#8220;Gran Hermano&#8221;, Telefe<\/li>\n<\/ul>\n\n\n\n<p><strong>Aviso publicitario (Producto)<\/strong><\/p>\n\n\n\n<ul class=\"wp-block-list\">\n<li>&#8220;Juntos a la par&#8221; &#8211; Mercado Pago &#8211; Gut<\/li>\n\n\n\n<li>&#8220;Personal Pay Garpa&#8221; &#8211; Personal Pay &#8211; Gut&nbsp;<\/li>\n\n\n\n<li>&#8220;Primavera Sound&#8221; &#8211; Flow &#8211; Don<\/li>\n<\/ul>\n\n\n\n<p><strong>Aviso publicitario mundialista<\/strong><\/p>\n\n\n\n<ul class=\"wp-block-list\">\n<li>&#8220;El clima de la copa&#8221; &#8211; Philco &#8211; Oruga Cine<\/li>\n\n\n\n<li>&#8220;Lio&#8221; &#8211; Fr\u00e1vega &#8211; Mercado MCCann<\/li>\n\n\n\n<li>&#8220;Probabilidades&#8221; &#8211; Codere &#8211; Italia<\/li>\n<\/ul>\n\n\n\n<p><strong>Producci\u00f3n Integral<\/strong><\/p>\n\n\n\n<ul class=\"wp-block-list\">\n<li>Gran Hermano &#8211; Telefe<\/li>\n\n\n\n<li>La Voz Argentina &#8211; Telefe<\/li>\n\n\n\n<li>Qui\u00e9n es la m\u00e1scara &#8211; Telefe<\/li>\n<\/ul>\n\n\n\n<p><strong>Branded Content<\/strong><\/p>\n\n\n\n<ul class=\"wp-block-list\">\n<li>&#8220;Buen laburo&#8221; &#8211; Diego Valenzuela, El Nueve<\/li>\n\n\n\n<li>&#8220;El Gran Bartender&#8221; &#8211; Diego Poggi &#8211; Telefe<\/li>\n\n\n\n<li>&#8220;Modo Selfie&#8221; &#8211; Agust\u00edn Neglia &#8211; Am\u00e9rica<\/li>\n<\/ul>\n","protected":false},"excerpt":{"rendered":"<p>Luis Ventura y Ver\u00f3nica Lozano dieron la lista de los programas, producciones y trabajadores de la televisi\u00f3n que buscar\u00e1n quedarse con una estatuilla. Se acercan los Premios Mart\u00edn Fierro 2023 y se conocieron los programas, producciones y trabajadores de la televisi\u00f3n que est\u00e1n nominados para llevarse una estatuilla. Tras conocerse que ser\u00e1 Santiago del Moro [&hellip;]<\/p>\n","protected":false},"author":2,"featured_media":59802,"comment_status":"open","ping_status":"open","sticky":false,"template":"","format":"standard","meta":{"tdm_status":"","tdm_grid_status":"","_joinchat":[],"footnotes":""},"categories":[120],"tags":[],"class_list":{"0":"post-59801","1":"post","2":"type-post","3":"status-publish","4":"format-standard","5":"has-post-thumbnail","7":"category-espectaculos-2"},"amp_enabled":true,"_links":{"self":[{"href":"https:\/\/www.todoeldia.com\/index.php\/wp-json\/wp\/v2\/posts\/59801","targetHints":{"allow":["GET"]}}],"collection":[{"href":"https:\/\/www.todoeldia.com\/index.php\/wp-json\/wp\/v2\/posts"}],"about":[{"href":"https:\/\/www.todoeldia.com\/index.php\/wp-json\/wp\/v2\/types\/post"}],"author":[{"embeddable":true,"href":"https:\/\/www.todoeldia.com\/index.php\/wp-json\/wp\/v2\/users\/2"}],"replies":[{"embeddable":true,"href":"https:\/\/www.todoeldia.com\/index.php\/wp-json\/wp\/v2\/comments?post=59801"}],"version-history":[{"count":1,"href":"https:\/\/www.todoeldia.com\/index.php\/wp-json\/wp\/v2\/posts\/59801\/revisions"}],"predecessor-version":[{"id":59803,"href":"https:\/\/www.todoeldia.com\/index.php\/wp-json\/wp\/v2\/posts\/59801\/revisions\/59803"}],"wp:featuredmedia":[{"embeddable":true,"href":"https:\/\/www.todoeldia.com\/index.php\/wp-json\/wp\/v2\/media\/59802"}],"wp:attachment":[{"href":"https:\/\/www.todoeldia.com\/index.php\/wp-json\/wp\/v2\/media?parent=59801"}],"wp:term":[{"taxonomy":"category","embeddable":true,"href":"https:\/\/www.todoeldia.com\/index.php\/wp-json\/wp\/v2\/categories?post=59801"},{"taxonomy":"post_tag","embeddable":true,"href":"https:\/\/www.todoeldia.com\/index.php\/wp-json\/wp\/v2\/tags?post=59801"}],"curies":[{"name":"wp","href":"https:\/\/api.w.org\/{rel}","templated":true}]}}