{"id":59807,"date":"2023-06-21T22:42:29","date_gmt":"2023-06-22T01:42:29","guid":{"rendered":"https:\/\/www.todoeldia.com\/?p=59807"},"modified":"2023-06-21T22:46:27","modified_gmt":"2023-06-22T01:46:27","slug":"denuncian-que-un-caballo-de-el-quebrachal-convulsiono-y-murio-al-ser-inyectado-para-una-carrera","status":"publish","type":"post","link":"https:\/\/www.todoeldia.com\/index.php\/2023\/06\/21\/denuncian-que-un-caballo-de-el-quebrachal-convulsiono-y-murio-al-ser-inyectado-para-una-carrera\/","title":{"rendered":"Denuncian que un caballo de El Quebrachal convulsion\u00f3 y muri\u00f3 al ser inyectado para una carrera"},"content":{"rendered":"\n<p>\u201cSecreto\u201d el caballo ganador de varias carreras de El Quebrachal ten\u00eda que participar de una cuadrera en Santiago del Estero, pero convulsion\u00f3 y muri\u00f3 en extra\u00f1as circunstancias un d\u00eda antes bajo las sospechas de haber sido inyectado.<\/p>\n\n\n\n<p>La abogada, Carmen C\u00e9spedes Cartagena, de la Fundaci\u00f3n Ajuya Jalala denunci\u00f3 por maltrato animal a los due\u00f1os de Secreto entre los que se encuentra el ex intendente de El Quebrachal, Leonardo Garc\u00eda, Alejandro Santill\u00e1n y Ricardo Mercado.<\/p>\n\n\n\n<p>Proteccionistas hab\u00edan anticipado que el caballo estaba lesionado y no se encontraba en condiciones de correr en el hip\u00f3dromo 27 de abril de Santiago del Estero, por lo que repudiaron el hecho y denunciaron a los nombrados por maltrato.<\/p>\n\n\n\n<p>La abogada indic\u00f3 que quisieron forzarlo para que corriera inyect\u00e1ndolo con alguna sustancia lo que le provoc\u00f3 un infarto. Se\u00f1alo que tiene un video que le enviaron donde se ve al jockey que montaba a Secreto, con un frasco y una jeringa.<\/p>\n\n\n\n<p>Dijo tambi\u00e9n que \u201cSecreto\u201d era un caballo conocido en el \u00e1mbito &#8220;burrero&#8221;, ya que se lo hac\u00eda participar en competencias nacionales e internacionales y era hermano de otro caballo muy conocido, &#8220;Americano&#8221;, que falleci\u00f3 tambi\u00e9n por un &#8220;c\u00f3lico fulminante&#8221;.<\/p>\n","protected":false},"excerpt":{"rendered":"<p>\u201cSecreto\u201d el caballo ganador de varias carreras de El Quebrachal ten\u00eda que participar de una cuadrera en Santiago del Estero, pero convulsion\u00f3 y muri\u00f3 en extra\u00f1as circunstancias un d\u00eda antes bajo las sospechas de haber sido inyectado. La abogada, Carmen C\u00e9spedes Cartagena, de la Fundaci\u00f3n Ajuya Jalala denunci\u00f3 por maltrato animal a los due\u00f1os de [&hellip;]<\/p>\n","protected":false},"author":2,"featured_media":59808,"comment_status":"open","ping_status":"open","sticky":false,"template":"","format":"standard","meta":{"tdm_status":"","tdm_grid_status":"","_joinchat":[],"footnotes":""},"categories":[63],"tags":[],"class_list":{"0":"post-59807","1":"post","2":"type-post","3":"status-publish","4":"format-standard","5":"has-post-thumbnail","7":"category-policiales"},"amp_enabled":true,"_links":{"self":[{"href":"https:\/\/www.todoeldia.com\/index.php\/wp-json\/wp\/v2\/posts\/59807","targetHints":{"allow":["GET"]}}],"collection":[{"href":"https:\/\/www.todoeldia.com\/index.php\/wp-json\/wp\/v2\/posts"}],"about":[{"href":"https:\/\/www.todoeldia.com\/index.php\/wp-json\/wp\/v2\/types\/post"}],"author":[{"embeddable":true,"href":"https:\/\/www.todoeldia.com\/index.php\/wp-json\/wp\/v2\/users\/2"}],"replies":[{"embeddable":true,"href":"https:\/\/www.todoeldia.com\/index.php\/wp-json\/wp\/v2\/comments?post=59807"}],"version-history":[{"count":1,"href":"https:\/\/www.todoeldia.com\/index.php\/wp-json\/wp\/v2\/posts\/59807\/revisions"}],"predecessor-version":[{"id":59809,"href":"https:\/\/www.todoeldia.com\/index.php\/wp-json\/wp\/v2\/posts\/59807\/revisions\/59809"}],"wp:featuredmedia":[{"embeddable":true,"href":"https:\/\/www.todoeldia.com\/index.php\/wp-json\/wp\/v2\/media\/59808"}],"wp:attachment":[{"href":"https:\/\/www.todoeldia.com\/index.php\/wp-json\/wp\/v2\/media?parent=59807"}],"wp:term":[{"taxonomy":"category","embeddable":true,"href":"https:\/\/www.todoeldia.com\/index.php\/wp-json\/wp\/v2\/categories?post=59807"},{"taxonomy":"post_tag","embeddable":true,"href":"https:\/\/www.todoeldia.com\/index.php\/wp-json\/wp\/v2\/tags?post=59807"}],"curies":[{"name":"wp","href":"https:\/\/api.w.org\/{rel}","templated":true}]}}