{"id":59810,"date":"2023-06-21T22:50:30","date_gmt":"2023-06-22T01:50:30","guid":{"rendered":"https:\/\/www.todoeldia.com\/?p=59810"},"modified":"2023-06-21T22:50:32","modified_gmt":"2023-06-22T01:50:32","slug":"miguel-angel-pichetto-encabezara-la-lista-de-diputados-nacionales-de-horacio-rodriguez-larreta-en-la-provincia-de-buenos-aires","status":"publish","type":"post","link":"https:\/\/www.todoeldia.com\/index.php\/2023\/06\/21\/miguel-angel-pichetto-encabezara-la-lista-de-diputados-nacionales-de-horacio-rodriguez-larreta-en-la-provincia-de-buenos-aires\/","title":{"rendered":"Miguel \u00c1ngel Pichetto encabezar\u00e1 la lista de diputados nacionales de Horacio Rodr\u00edguez Larreta en la provincia de Buenos Aires"},"content":{"rendered":"\n<p>En caso de lograr una victoria, acordaron que el ex senador presidir\u00e1 la C\u00e1mara. El jefe de Gobierno porte\u00f1o espera anunciar su vicepresidente el s\u00e1bado, al filo de la fecha legal para presentar las listas. \u201cGerardo Morales tiene todos los n\u00fameros\u201d, dijeron a Infobae en Parque Patricios.<\/p>\n\n\n\n<p>Horacio Rodr\u00edguez Larreta oficializar\u00e1 ma\u00f1ana jueves a Miguel \u00c1ngel Pichetto como candidato a encabezar la lista para la C\u00e1mara de Diputados por la provincia de Buenos Aires, seg\u00fan confirmaron a Infobae. El acuerdo incluye que en caso de lograr la victoria, el ex senador presidir\u00e1 la C\u00e1mara baja. Adem\u00e1s, el jefe de Gobierno porte\u00f1o espera anunciar su vicepresidente el s\u00e1bado, al filo de la fecha legal para presentar las listas. \u201cGerardo Morales tiene todos los n\u00fameros\u201d, confesaron en Parque Patricios.<\/p>\n\n\n\n<p>La noticia de la postulaci\u00f3n del titular de Encuentro Republicano Federal dentro de la n\u00f3mina de legisladores se conoci\u00f3 minutos despu\u00e9s de que Patricia Bullrich se decidiera por Luis Petri para cerrar la f\u00f3rmula mixta. Seg\u00fan pudo saber este medio, ma\u00f1ana se realizar\u00e1 una conferencia de prensa donde se mostrar\u00e1 el armado bonaerense, territorio en el que Diego Santilli busca destronar a Axel Kicillof. El ex senador peronista, adem\u00e1s, ser\u00e1 secundado por Silvia Lospennato.<\/p>\n","protected":false},"excerpt":{"rendered":"<p>En caso de lograr una victoria, acordaron que el ex senador presidir\u00e1 la C\u00e1mara. El jefe de Gobierno porte\u00f1o espera anunciar su vicepresidente el s\u00e1bado, al filo de la fecha legal para presentar las listas. \u201cGerardo Morales tiene todos los n\u00fameros\u201d, dijeron a Infobae en Parque Patricios. Horacio Rodr\u00edguez Larreta oficializar\u00e1 ma\u00f1ana jueves a Miguel [&hellip;]<\/p>\n","protected":false},"author":2,"featured_media":59811,"comment_status":"open","ping_status":"open","sticky":false,"template":"","format":"standard","meta":{"tdm_status":"","tdm_grid_status":"","_joinchat":[],"footnotes":""},"categories":[59],"tags":[],"class_list":{"0":"post-59810","1":"post","2":"type-post","3":"status-publish","4":"format-standard","5":"has-post-thumbnail","7":"category-politica"},"amp_enabled":true,"_links":{"self":[{"href":"https:\/\/www.todoeldia.com\/index.php\/wp-json\/wp\/v2\/posts\/59810","targetHints":{"allow":["GET"]}}],"collection":[{"href":"https:\/\/www.todoeldia.com\/index.php\/wp-json\/wp\/v2\/posts"}],"about":[{"href":"https:\/\/www.todoeldia.com\/index.php\/wp-json\/wp\/v2\/types\/post"}],"author":[{"embeddable":true,"href":"https:\/\/www.todoeldia.com\/index.php\/wp-json\/wp\/v2\/users\/2"}],"replies":[{"embeddable":true,"href":"https:\/\/www.todoeldia.com\/index.php\/wp-json\/wp\/v2\/comments?post=59810"}],"version-history":[{"count":1,"href":"https:\/\/www.todoeldia.com\/index.php\/wp-json\/wp\/v2\/posts\/59810\/revisions"}],"predecessor-version":[{"id":59812,"href":"https:\/\/www.todoeldia.com\/index.php\/wp-json\/wp\/v2\/posts\/59810\/revisions\/59812"}],"wp:featuredmedia":[{"embeddable":true,"href":"https:\/\/www.todoeldia.com\/index.php\/wp-json\/wp\/v2\/media\/59811"}],"wp:attachment":[{"href":"https:\/\/www.todoeldia.com\/index.php\/wp-json\/wp\/v2\/media?parent=59810"}],"wp:term":[{"taxonomy":"category","embeddable":true,"href":"https:\/\/www.todoeldia.com\/index.php\/wp-json\/wp\/v2\/categories?post=59810"},{"taxonomy":"post_tag","embeddable":true,"href":"https:\/\/www.todoeldia.com\/index.php\/wp-json\/wp\/v2\/tags?post=59810"}],"curies":[{"name":"wp","href":"https:\/\/api.w.org\/{rel}","templated":true}]}}