{"id":59844,"date":"2023-06-22T12:10:07","date_gmt":"2023-06-22T15:10:07","guid":{"rendered":"https:\/\/www.todoeldia.com\/?p=59844"},"modified":"2023-06-22T12:10:50","modified_gmt":"2023-06-22T15:10:50","slug":"tenia-de-esclava-a-toda-su-familia-abusaba-de-sus-5-hijas-y-maltrataba-a-la-esposa-y-su-suegra","status":"publish","type":"post","link":"https:\/\/www.todoeldia.com\/index.php\/2023\/06\/22\/tenia-de-esclava-a-toda-su-familia-abusaba-de-sus-5-hijas-y-maltrataba-a-la-esposa-y-su-suegra\/","title":{"rendered":"Ten\u00eda de esclava a toda su familia: abusaba de sus 5 hijas y maltrataba a la esposa y su suegra"},"content":{"rendered":"\n<p>Las violaciones ocurrieron entre 2004 y 2020. Adem\u00e1s, se prob\u00f3 que somet\u00eda a castigos f\u00edsicos y verbales a sus hijos varones y trataba como \u201csirvientes\u201d a todos los integrantes de la familia, incluida la suegra.<\/p>\n\n\n\n<p>Un hombre de 71 a\u00f1os acusado de violar a sus cinco hijas durante m\u00e1s de una d\u00e9cada fue declarado culpable por la Justicia de Mar del Plata y condenado a pasar medio siglo en prisi\u00f3n.<\/p>\n\n\n\n<p>En un fallo un\u00e1nime, los jueces consideraron responsable al alba\u00f1il de los delitos de \u201cabuso sexual con acceso carnal, reiterado y agravado por el v\u00ednculo y la relaci\u00f3n de convivencia\u201d en perjuicio de sus hijas mujeres desde que estas eran chicas, entre 2004 y 2020, y lo sentenciaron a 10 a\u00f1os de c\u00e1rcel por cada una de ellas.<\/p>\n\n\n\n<p>Pero, adem\u00e1s, tuvieron en cuenta en la sentencia las distintas formas de violencia a las que el hombre, que adem\u00e1s era padre de dos hijos varones, someti\u00f3 a toda la familia. \u201cHubo violencia, denigraci\u00f3n, control econ\u00f3mico, castigos y premios de acuerdo a c\u00f3mo acced\u00edan a sus pedidos\u201d, sostuvo la resoluci\u00f3n.<\/p>\n\n\n\n<figure class=\"wp-block-image size-large\"><img loading=\"lazy\" decoding=\"async\" width=\"1024\" height=\"468\" src=\"https:\/\/www.todoeldia.com\/wp-content\/uploads\/2023\/06\/image-186-1024x468.png\" alt=\"\" class=\"wp-image-59847\" srcset=\"https:\/\/www.todoeldia.com\/wp-content\/uploads\/2023\/06\/image-186-1024x468.png 1024w, https:\/\/www.todoeldia.com\/wp-content\/uploads\/2023\/06\/image-186-300x137.png 300w, https:\/\/www.todoeldia.com\/wp-content\/uploads\/2023\/06\/image-186-768x351.png 768w, https:\/\/www.todoeldia.com\/wp-content\/uploads\/2023\/06\/image-186-696x318.png 696w, https:\/\/www.todoeldia.com\/wp-content\/uploads\/2023\/06\/image-186-1068x488.png 1068w, https:\/\/www.todoeldia.com\/wp-content\/uploads\/2023\/06\/image-186-919x420.png 919w, https:\/\/www.todoeldia.com\/wp-content\/uploads\/2023\/06\/image-186.png 1440w\" sizes=\"auto, (max-width: 1024px) 100vw, 1024px\" \/><\/figure>\n\n\n\n<p><strong>En un fallo un\u00e1nime, encontraron culpable al alba\u00f1il de abuso sexual con acceso carnal, reiterado y agravado por el v\u00ednculo y la relaci\u00f3n de convivencia<\/strong>.<\/p>\n\n\n\n<p>El Tribunal dio por probado que el imputado trataba a todos en su casa como \u201cesclavos\u201d, incluso a su esposa y a su suegra. En ese sentido, su pareja, una mujer de ciudadan\u00eda chilena a la que hab\u00eda conocido en Santa Cruz, declar\u00f3 en el juicio que, si ella se atrev\u00eda a cuestionarlo de alg\u00fan modo, la amenazaba: \u201cVoy a mandar a que te corten las piernas, chilena de mierda\u201d.<\/p>\n\n\n\n<p>Seg\u00fan inform\u00f3 T\u00e9lam, en el debate oral qued\u00f3 acreditado que las cinco hijas fueron v\u00edctimas de abuso sexual desde que eran menores y que los ataques se produjeron tanto en la casa en la que la familia viv\u00eda, en el Barrio Peralta Ramos Este, como en una construcci\u00f3n abandonada ubicada a pocas cuadras.<\/p>\n\n\n\n<p>Los magistrados precisaron que el hombre abus\u00f3 de tres de ellas, al menos entre 2004 y 2017, y de las otras dos desde 2010 hasta su detenci\u00f3n. En tanto, a los hijos varones los castigaba f\u00edsica y verbalmente. Adem\u00e1s, pose\u00eda armas en su casa -que fueron secuestradas- con las que en m\u00e1s de una ocasi\u00f3n amenaz\u00f3 a todos los integrantes de la familia.<\/p>\n\n\n\n<p>El fallo indic\u00f3 que, a partir de las declaraciones de las hijas, de sus dos hermanos y de la madre de todos ellos, \u201cla prueba resulta contundente y suficiente para afirmar la participaci\u00f3n criminal del acusado\u201d. Tras ser condenado, fue trasladado a la Unidad Penal 15 del complejo penitenciario de Bat\u00e1n, donde cumpl\u00eda prisi\u00f3n preventiva.<\/p>\n\n\n\n<p>El hombre hab\u00eda sido detenido el 20 de mayo de 2020, en pleno aislamiento social preventivo por la pandemia del coronavirus, horas despu\u00e9s de que una de sus hijas abandonara la vivienda familiar y radicara la denuncia en la Comisar\u00eda de la Mujer local.<\/p>\n","protected":false},"excerpt":{"rendered":"<p>Las violaciones ocurrieron entre 2004 y 2020. Adem\u00e1s, se prob\u00f3 que somet\u00eda a castigos f\u00edsicos y verbales a sus hijos varones y trataba como \u201csirvientes\u201d a todos los integrantes de la familia, incluida la suegra. Un hombre de 71 a\u00f1os acusado de violar a sus cinco hijas durante m\u00e1s de una d\u00e9cada fue declarado culpable [&hellip;]<\/p>\n","protected":false},"author":2,"featured_media":59845,"comment_status":"open","ping_status":"open","sticky":false,"template":"","format":"standard","meta":{"tdm_status":"","tdm_grid_status":"","_joinchat":[],"footnotes":""},"categories":[63],"tags":[],"class_list":{"0":"post-59844","1":"post","2":"type-post","3":"status-publish","4":"format-standard","5":"has-post-thumbnail","7":"category-policiales"},"amp_enabled":true,"_links":{"self":[{"href":"https:\/\/www.todoeldia.com\/index.php\/wp-json\/wp\/v2\/posts\/59844","targetHints":{"allow":["GET"]}}],"collection":[{"href":"https:\/\/www.todoeldia.com\/index.php\/wp-json\/wp\/v2\/posts"}],"about":[{"href":"https:\/\/www.todoeldia.com\/index.php\/wp-json\/wp\/v2\/types\/post"}],"author":[{"embeddable":true,"href":"https:\/\/www.todoeldia.com\/index.php\/wp-json\/wp\/v2\/users\/2"}],"replies":[{"embeddable":true,"href":"https:\/\/www.todoeldia.com\/index.php\/wp-json\/wp\/v2\/comments?post=59844"}],"version-history":[{"count":2,"href":"https:\/\/www.todoeldia.com\/index.php\/wp-json\/wp\/v2\/posts\/59844\/revisions"}],"predecessor-version":[{"id":59849,"href":"https:\/\/www.todoeldia.com\/index.php\/wp-json\/wp\/v2\/posts\/59844\/revisions\/59849"}],"wp:featuredmedia":[{"embeddable":true,"href":"https:\/\/www.todoeldia.com\/index.php\/wp-json\/wp\/v2\/media\/59845"}],"wp:attachment":[{"href":"https:\/\/www.todoeldia.com\/index.php\/wp-json\/wp\/v2\/media?parent=59844"}],"wp:term":[{"taxonomy":"category","embeddable":true,"href":"https:\/\/www.todoeldia.com\/index.php\/wp-json\/wp\/v2\/categories?post=59844"},{"taxonomy":"post_tag","embeddable":true,"href":"https:\/\/www.todoeldia.com\/index.php\/wp-json\/wp\/v2\/tags?post=59844"}],"curies":[{"name":"wp","href":"https:\/\/api.w.org\/{rel}","templated":true}]}}