{"id":59850,"date":"2023-06-22T12:15:27","date_gmt":"2023-06-22T15:15:27","guid":{"rendered":"https:\/\/www.todoeldia.com\/?p=59850"},"modified":"2023-06-22T12:15:29","modified_gmt":"2023-06-22T15:15:29","slug":"asi-son-los-dias-de-l-gante-en-la-celda-cuatro-llanto-sin-colchon-y-mas-de-80-canciones-escritas","status":"publish","type":"post","link":"https:\/\/www.todoeldia.com\/index.php\/2023\/06\/22\/asi-son-los-dias-de-l-gante-en-la-celda-cuatro-llanto-sin-colchon-y-mas-de-80-canciones-escritas\/","title":{"rendered":"As\u00ed son los d\u00edas de L-Gante en la celda cuatro: llanto, sin colch\u00f3n y m\u00e1s de 80 canciones escritas"},"content":{"rendered":"\n<p>El m\u00fasico lleva dos semanas detenido en la DDI de Quilmes, acusado por privaci\u00f3n de la libertad y tenencia de arma de fuego.<\/p>\n\n\n\n<p>L-Gante contin\u00faa detenido en la DDI de Quilmes, acusado por privaci\u00f3n de la libertad y tenencia de arma de fuego. Mientras tanto, Juan Pablo Merlo, el abogado que se puso al frente de su defensa tras la renuncia de Alejandro Cipolla, intenta presentar pruebas para conseguir su libertad.<\/p>\n\n\n\n<p>Este mi\u00e9rcoles, al aire de A la tarde (Am\u00e9rica) mostraron el interior del lugar donde Eli\u00e1n Valenzuela pasa sus d\u00edas y sorprendieron al dar detalles de las actividades que realiza.<\/p>\n\n\n\n<p>\u201cEn esta celda que ustedes est\u00e1n viendo est\u00e1 teniendo situaciones que generan preocupaci\u00f3n. Cuando \u00e9l lleg\u00f3 a la DDI de Quilmes, los primeros d\u00edas compuso m\u00fasica, compuso sus propias canciones. A partir de la semana, se empez\u00f3 a preocupar y su salud empez\u00f3 a decaer. El cambio de abogados, una situaci\u00f3n que le gener\u00f3 tensi\u00f3n, la visita de la familia lo afectaron\u201d, se\u00f1al\u00f3 Mat\u00edas V\u00e1zquez.<\/p>\n\n\n\n<p>Luego el periodista remarc\u00f3 que el \u00faltimo fin de semana hubo un encuentro en la DDI de Quilmes donde estuvieron su ex, Tamara B\u00e1ez, su hija Jamaica y su mam\u00e1, Claudia Valenzuela. \u201cSe quebr\u00f3 como nunca se lo vio. Est\u00e1 cayendo en la realidad de que ahora puede tener un traslado a Melchor Romero\u201d, revel\u00f3 sobre su estado an\u00edmico.<\/p>\n","protected":false},"excerpt":{"rendered":"<p>El m\u00fasico lleva dos semanas detenido en la DDI de Quilmes, acusado por privaci\u00f3n de la libertad y tenencia de arma de fuego. L-Gante contin\u00faa detenido en la DDI de Quilmes, acusado por privaci\u00f3n de la libertad y tenencia de arma de fuego. Mientras tanto, Juan Pablo Merlo, el abogado que se puso al frente [&hellip;]<\/p>\n","protected":false},"author":2,"featured_media":59851,"comment_status":"open","ping_status":"open","sticky":false,"template":"","format":"standard","meta":{"tdm_status":"","tdm_grid_status":"","_joinchat":[],"footnotes":""},"categories":[63],"tags":[],"class_list":{"0":"post-59850","1":"post","2":"type-post","3":"status-publish","4":"format-standard","5":"has-post-thumbnail","7":"category-policiales"},"amp_enabled":true,"_links":{"self":[{"href":"https:\/\/www.todoeldia.com\/index.php\/wp-json\/wp\/v2\/posts\/59850","targetHints":{"allow":["GET"]}}],"collection":[{"href":"https:\/\/www.todoeldia.com\/index.php\/wp-json\/wp\/v2\/posts"}],"about":[{"href":"https:\/\/www.todoeldia.com\/index.php\/wp-json\/wp\/v2\/types\/post"}],"author":[{"embeddable":true,"href":"https:\/\/www.todoeldia.com\/index.php\/wp-json\/wp\/v2\/users\/2"}],"replies":[{"embeddable":true,"href":"https:\/\/www.todoeldia.com\/index.php\/wp-json\/wp\/v2\/comments?post=59850"}],"version-history":[{"count":1,"href":"https:\/\/www.todoeldia.com\/index.php\/wp-json\/wp\/v2\/posts\/59850\/revisions"}],"predecessor-version":[{"id":59852,"href":"https:\/\/www.todoeldia.com\/index.php\/wp-json\/wp\/v2\/posts\/59850\/revisions\/59852"}],"wp:featuredmedia":[{"embeddable":true,"href":"https:\/\/www.todoeldia.com\/index.php\/wp-json\/wp\/v2\/media\/59851"}],"wp:attachment":[{"href":"https:\/\/www.todoeldia.com\/index.php\/wp-json\/wp\/v2\/media?parent=59850"}],"wp:term":[{"taxonomy":"category","embeddable":true,"href":"https:\/\/www.todoeldia.com\/index.php\/wp-json\/wp\/v2\/categories?post=59850"},{"taxonomy":"post_tag","embeddable":true,"href":"https:\/\/www.todoeldia.com\/index.php\/wp-json\/wp\/v2\/tags?post=59850"}],"curies":[{"name":"wp","href":"https:\/\/api.w.org\/{rel}","templated":true}]}}