{"id":59873,"date":"2023-06-22T13:58:36","date_gmt":"2023-06-22T16:58:36","guid":{"rendered":"https:\/\/www.todoeldia.com\/?p=59873"},"modified":"2023-06-22T13:58:39","modified_gmt":"2023-06-22T16:58:39","slug":"septimo-dia-de-protestas-en-jujuy-con-53-manifestantes-aun-detenidos-nueve-piquetes-y-mas-marchas","status":"publish","type":"post","link":"https:\/\/www.todoeldia.com\/index.php\/2023\/06\/22\/septimo-dia-de-protestas-en-jujuy-con-53-manifestantes-aun-detenidos-nueve-piquetes-y-mas-marchas\/","title":{"rendered":"S\u00e9ptimo d\u00eda de protestas en Jujuy con 53 manifestantes a\u00fan detenidos, nueve piquetes y m\u00e1s marchas"},"content":{"rendered":"\n<p>En la Capital la protesta se concentra frente a la Casa de Gobierno. En el interior las comunidades bloquean rutas. La actitud del gobierno provincial ante los rumores de la llegada de violentos.<\/p>\n\n\n\n<p>&nbsp;\u201cSan Salvador tranquilo, pero en el interior, corte a full\u201d. El primer mensaje de WhatsApp a las 7 de la ma\u00f1ana describi\u00f3 de esa forma como ser\u00eda el desarrollo de la s\u00e9ptima jornada de protesta en Jujuy, en la que confluyen el rechazo a la reforma constitucional aprobada por el gobierno de Gerardo Morales y reclamos salariales, que coincidieron con el trabajo de la Convenci\u00f3n Constituyente y hoy se sostienen en conjunto.<\/p>\n\n\n\n<p>En rigor, en el penal del barrio Alto Comedero, en el sur de la capital juje\u00f1a, permanecen a\u00fan 53 personas detenidas seg\u00fan el reporte oficial. Son parte de los manifestantes que protagonizaron la violenta jornada del martes 20 de junio.<\/p>\n\n\n\n<p>El gobierno analiza caso por caso y avanz\u00f3, en su mayor\u00eda, con las denuncias penales, aunque se observan abogados de algunas instituciones trabajando por su libertad. Lo cierto es que en las mismas protestas intentan despegarse de la violencia, para que no deslegitime sus reclamos.<\/p>\n\n\n\n<p>Los cortes de ruta se mantienen en las localidades de Perico (a 30 kil\u00f3metros de la Capital, donde se encuentra el aeropuerto), Purmamarca, Tilcara y Uqu\u00eda (en la regi\u00f3n de la quebrada), Susques, Cangrejillos, Abra Pampa y La Quiaca (en la puna). La modalidad var\u00eda, pero el criterio es abrir paso por pocos minutos, descomprimir la fila y volver a cortar. En los hechos, desplazarse entre ciudades en Jujuy resulta imposible por momentos.<\/p>\n\n\n\n<p>En la plaza Belgrano, frente a la Casa de Gobierno en la Capital, se desarrollar\u00e1n durante la tarde nuevas marchas de docentes, comuneros y dirigentes sindicales. Ser\u00e1 un modo de marcar presencia y darle continuidad a la protesta. En el lugar, las formaciones de polic\u00eda, a pie y en bicicleta se observaron desde muy temprano.<\/p>\n\n\n\n<p>El gobierno muestra una ret\u00f3rica dura hacia afuera, defendiendo tanto la reforma como su pol\u00edtica salarial. El gobernador Gerardo Morales sostuvo que los aumentos ofrecidos est\u00e1n por encima de la media de lo que se otorg\u00f3 a los docentes en el resto de los distritos nacionales y afirm\u00f3 que \u201cel 90% de los docentes en Jujuy cobra 200 mil pesos o m\u00e1s\u201d. Los docentes braman ante cada afirmaci\u00f3n de ese estilo. En ese ida y vuelta, surgi\u00f3 una convocatoria para hoy en la que las partes volver\u00e1n a sentarse en una mesa de negociaci\u00f3n.<\/p>\n\n\n\n<p>En relaci\u00f3n a la reforma constitucional, Morales se\u00f1al\u00f3 durante toda la jornada del mi\u00e9rcoles 21 de junio que ya fue publicada en el Bolet\u00edn Oficial y destac\u00f3 su vigencia. En paralelo, funcionarios provinciales intentan acercarse con cautela a los piquetes, en busca de instancias de di\u00e1logo con las comunidades, con las que el gobernador afirma tener \u201cuna excelente relaci\u00f3n\u201d.<\/p>\n\n\n\n<p>En el medio, hay versiones constantes sobre la llegada de nuevos grupos violentos, de otras provincias, a las que el gobierno les da entidad y refuerza los operativos.<\/p>\n\n\n\n<p>De esa manera, las autoridades locales dejaron ver la manera en la que va llevando el conflicto: en p\u00fablico, Morales muestra firmeza y no se mueve de un discurso r\u00edgido. Hacia adentro, intenta buscar interlocutores, con mucha dificultad, y abrir un canal de di\u00e1logo que empiece a darle cierre a la convulsi\u00f3n. La vida de los juje\u00f1os est\u00e1 alterada desde hace una semana.<\/p>\n","protected":false},"excerpt":{"rendered":"<p>En la Capital la protesta se concentra frente a la Casa de Gobierno. En el interior las comunidades bloquean rutas. La actitud del gobierno provincial ante los rumores de la llegada de violentos. &nbsp;\u201cSan Salvador tranquilo, pero en el interior, corte a full\u201d. El primer mensaje de WhatsApp a las 7 de la ma\u00f1ana describi\u00f3 [&hellip;]<\/p>\n","protected":false},"author":2,"featured_media":59874,"comment_status":"open","ping_status":"open","sticky":false,"template":"","format":"standard","meta":{"tdm_status":"","tdm_grid_status":"","_joinchat":[],"footnotes":""},"categories":[73],"tags":[],"class_list":{"0":"post-59873","1":"post","2":"type-post","3":"status-publish","4":"format-standard","5":"has-post-thumbnail","7":"category-noticias-general"},"amp_enabled":true,"_links":{"self":[{"href":"https:\/\/www.todoeldia.com\/index.php\/wp-json\/wp\/v2\/posts\/59873","targetHints":{"allow":["GET"]}}],"collection":[{"href":"https:\/\/www.todoeldia.com\/index.php\/wp-json\/wp\/v2\/posts"}],"about":[{"href":"https:\/\/www.todoeldia.com\/index.php\/wp-json\/wp\/v2\/types\/post"}],"author":[{"embeddable":true,"href":"https:\/\/www.todoeldia.com\/index.php\/wp-json\/wp\/v2\/users\/2"}],"replies":[{"embeddable":true,"href":"https:\/\/www.todoeldia.com\/index.php\/wp-json\/wp\/v2\/comments?post=59873"}],"version-history":[{"count":1,"href":"https:\/\/www.todoeldia.com\/index.php\/wp-json\/wp\/v2\/posts\/59873\/revisions"}],"predecessor-version":[{"id":59875,"href":"https:\/\/www.todoeldia.com\/index.php\/wp-json\/wp\/v2\/posts\/59873\/revisions\/59875"}],"wp:featuredmedia":[{"embeddable":true,"href":"https:\/\/www.todoeldia.com\/index.php\/wp-json\/wp\/v2\/media\/59874"}],"wp:attachment":[{"href":"https:\/\/www.todoeldia.com\/index.php\/wp-json\/wp\/v2\/media?parent=59873"}],"wp:term":[{"taxonomy":"category","embeddable":true,"href":"https:\/\/www.todoeldia.com\/index.php\/wp-json\/wp\/v2\/categories?post=59873"},{"taxonomy":"post_tag","embeddable":true,"href":"https:\/\/www.todoeldia.com\/index.php\/wp-json\/wp\/v2\/tags?post=59873"}],"curies":[{"name":"wp","href":"https:\/\/api.w.org\/{rel}","templated":true}]}}