{"id":59878,"date":"2023-06-22T14:50:16","date_gmt":"2023-06-22T17:50:16","guid":{"rendered":"https:\/\/www.todoeldia.com\/?p=59878"},"modified":"2023-06-22T14:50:17","modified_gmt":"2023-06-22T17:50:17","slug":"la-policia-de-oran-libero-a-una-joven-encerrada-por-su-pareja-en-un-departamento","status":"publish","type":"post","link":"https:\/\/www.todoeldia.com\/index.php\/2023\/06\/22\/la-policia-de-oran-libero-a-una-joven-encerrada-por-su-pareja-en-un-departamento\/","title":{"rendered":"La Polic\u00eda de Or\u00e1n liber\u00f3 a una joven encerrada por su pareja en un departamento"},"content":{"rendered":"\n<p>Al escuchar los gritos de auxilio de la v\u00edctima, unas mujeres que esperaban el colectivo alertaron al Sistema de Emergencias 911. La Polic\u00eda debi\u00f3 entrar al domicilio por la fuerza.<\/p>\n\n\n\n<p>La fiscal Penal de Violencia Familiar y de G\u00e9nero de Or\u00e1n, Soledad Filtr\u00edn Cuezzo, imput\u00f3 provisionalmente a un hombre de 40 a\u00f1os por el delito de privaci\u00f3n ileg\u00edtima de la libertad agravada.<\/p>\n\n\n\n<p>El imputado fue detenido el domingo 18 de junio en un departamento de calle Arenales al 500 de la ciudad de Or\u00e1n.<\/p>\n\n\n\n<p>Los efectivos policiales fueron convocados al lugar por dos mujeres que se encontraban en la parada de colectivos cuando escucharon a una mujer pidiendo ayuda desde un edificio. Al acercarse, distinguieron que la v\u00edctima solicitaba que la dejaran salir por lo que llamaron al Sistema de Emergencias 911 en b\u00fasqueda de ayuda.<\/p>\n\n\n\n<p>Al llegar al lugar, los polic\u00edas intentaron entablar un di\u00e1logo con los residentes del departamento, pero un hombre se neg\u00f3 a salir y mantener una conversaci\u00f3n. Ante esta situaci\u00f3n, los efectivos tuvieron que ingresar por la fuerza para liberar a su pareja y procedieron a detener al individuo, quien aparentemente se encontraba en aparente estado de ebriedad.<\/p>\n","protected":false},"excerpt":{"rendered":"<p>Al escuchar los gritos de auxilio de la v\u00edctima, unas mujeres que esperaban el colectivo alertaron al Sistema de Emergencias 911. La Polic\u00eda debi\u00f3 entrar al domicilio por la fuerza. La fiscal Penal de Violencia Familiar y de G\u00e9nero de Or\u00e1n, Soledad Filtr\u00edn Cuezzo, imput\u00f3 provisionalmente a un hombre de 40 a\u00f1os por el delito [&hellip;]<\/p>\n","protected":false},"author":2,"featured_media":59879,"comment_status":"open","ping_status":"open","sticky":false,"template":"","format":"standard","meta":{"tdm_status":"","tdm_grid_status":"","_joinchat":[],"footnotes":""},"categories":[63],"tags":[],"class_list":{"0":"post-59878","1":"post","2":"type-post","3":"status-publish","4":"format-standard","5":"has-post-thumbnail","7":"category-policiales"},"amp_enabled":true,"_links":{"self":[{"href":"https:\/\/www.todoeldia.com\/index.php\/wp-json\/wp\/v2\/posts\/59878","targetHints":{"allow":["GET"]}}],"collection":[{"href":"https:\/\/www.todoeldia.com\/index.php\/wp-json\/wp\/v2\/posts"}],"about":[{"href":"https:\/\/www.todoeldia.com\/index.php\/wp-json\/wp\/v2\/types\/post"}],"author":[{"embeddable":true,"href":"https:\/\/www.todoeldia.com\/index.php\/wp-json\/wp\/v2\/users\/2"}],"replies":[{"embeddable":true,"href":"https:\/\/www.todoeldia.com\/index.php\/wp-json\/wp\/v2\/comments?post=59878"}],"version-history":[{"count":1,"href":"https:\/\/www.todoeldia.com\/index.php\/wp-json\/wp\/v2\/posts\/59878\/revisions"}],"predecessor-version":[{"id":59880,"href":"https:\/\/www.todoeldia.com\/index.php\/wp-json\/wp\/v2\/posts\/59878\/revisions\/59880"}],"wp:featuredmedia":[{"embeddable":true,"href":"https:\/\/www.todoeldia.com\/index.php\/wp-json\/wp\/v2\/media\/59879"}],"wp:attachment":[{"href":"https:\/\/www.todoeldia.com\/index.php\/wp-json\/wp\/v2\/media?parent=59878"}],"wp:term":[{"taxonomy":"category","embeddable":true,"href":"https:\/\/www.todoeldia.com\/index.php\/wp-json\/wp\/v2\/categories?post=59878"},{"taxonomy":"post_tag","embeddable":true,"href":"https:\/\/www.todoeldia.com\/index.php\/wp-json\/wp\/v2\/tags?post=59878"}],"curies":[{"name":"wp","href":"https:\/\/api.w.org\/{rel}","templated":true}]}}