{"id":59936,"date":"2023-06-23T10:28:22","date_gmt":"2023-06-23T13:28:22","guid":{"rendered":"https:\/\/www.todoeldia.com\/?p=59936"},"modified":"2023-06-23T11:16:34","modified_gmt":"2023-06-23T14:16:34","slug":"chaqueno-llego-a-oran-de-compras-y-esta-desaparecido-desde-setiembre","status":"publish","type":"post","link":"https:\/\/www.todoeldia.com\/index.php\/2023\/06\/23\/chaqueno-llego-a-oran-de-compras-y-esta-desaparecido-desde-setiembre\/","title":{"rendered":"Chaque\u00f1o lleg\u00f3 a Or\u00e1n de compras y est\u00e1 desaparecido desde setiembre"},"content":{"rendered":"\n<p>En el mes de mayo Oran Conectado realiz\u00f3 una publicaci\u00f3n a pedido de la familia Medina para obtener alguna informaci\u00f3n sobre su desaparici\u00f3n, sin resultados positivos.<\/p>\n\n\n\n<p>Javier Medina Parti\u00f3 de Resistencia con destino a la ciudad de Or\u00e1n, el a\u00f1o pasado en el mes de setiembre, ten\u00eda previsto viajar a Bermejo, Bolivia a realizar compras.<\/p>\n\n\n\n<p>Medina de 34 a\u00f1os lleg\u00f3 a Or\u00e1n con 2 amigos y se hospedaron en un hotel de la zona, seg\u00fan relato su hermana a Or\u00e1n Conectado. Agregando que el \u00faltimo contacto que tuvieron fue a trav\u00e9s de Messenger con una historia bastante confusa por unos de sus dos amigos.<\/p>\n\n\n\n<p>La denuncia fue radicada en la provincia de Chaco, Resistencia por la progenitora del desaparecido en el mes de septiembre del a\u00f1o 2022<\/p>\n\n\n\n<p>Hoy recurren a la comunidad de Or\u00e1n para recabar informaci\u00f3n o al menos datos para continuar con la b\u00fasqueda de Javier ya que hasta el momento no pudieron viajar hacia la provincia de Salta.<\/p>\n\n\n\n<p>Or\u00e1n Conectado<\/p>\n","protected":false},"excerpt":{"rendered":"<p>En el mes de mayo Oran Conectado realiz\u00f3 una publicaci\u00f3n a pedido de la familia Medina para obtener alguna informaci\u00f3n sobre su desaparici\u00f3n, sin resultados positivos. Javier Medina Parti\u00f3 de Resistencia con destino a la ciudad de Or\u00e1n, el a\u00f1o pasado en el mes de setiembre, ten\u00eda previsto viajar a Bermejo, Bolivia a realizar compras. [&hellip;]<\/p>\n","protected":false},"author":2,"featured_media":59937,"comment_status":"open","ping_status":"open","sticky":false,"template":"","format":"standard","meta":{"tdm_status":"","tdm_grid_status":"","_joinchat":[],"footnotes":""},"categories":[63],"tags":[],"class_list":{"0":"post-59936","1":"post","2":"type-post","3":"status-publish","4":"format-standard","5":"has-post-thumbnail","7":"category-policiales"},"amp_enabled":true,"_links":{"self":[{"href":"https:\/\/www.todoeldia.com\/index.php\/wp-json\/wp\/v2\/posts\/59936","targetHints":{"allow":["GET"]}}],"collection":[{"href":"https:\/\/www.todoeldia.com\/index.php\/wp-json\/wp\/v2\/posts"}],"about":[{"href":"https:\/\/www.todoeldia.com\/index.php\/wp-json\/wp\/v2\/types\/post"}],"author":[{"embeddable":true,"href":"https:\/\/www.todoeldia.com\/index.php\/wp-json\/wp\/v2\/users\/2"}],"replies":[{"embeddable":true,"href":"https:\/\/www.todoeldia.com\/index.php\/wp-json\/wp\/v2\/comments?post=59936"}],"version-history":[{"count":1,"href":"https:\/\/www.todoeldia.com\/index.php\/wp-json\/wp\/v2\/posts\/59936\/revisions"}],"predecessor-version":[{"id":59938,"href":"https:\/\/www.todoeldia.com\/index.php\/wp-json\/wp\/v2\/posts\/59936\/revisions\/59938"}],"wp:featuredmedia":[{"embeddable":true,"href":"https:\/\/www.todoeldia.com\/index.php\/wp-json\/wp\/v2\/media\/59937"}],"wp:attachment":[{"href":"https:\/\/www.todoeldia.com\/index.php\/wp-json\/wp\/v2\/media?parent=59936"}],"wp:term":[{"taxonomy":"category","embeddable":true,"href":"https:\/\/www.todoeldia.com\/index.php\/wp-json\/wp\/v2\/categories?post=59936"},{"taxonomy":"post_tag","embeddable":true,"href":"https:\/\/www.todoeldia.com\/index.php\/wp-json\/wp\/v2\/tags?post=59936"}],"curies":[{"name":"wp","href":"https:\/\/api.w.org\/{rel}","templated":true}]}}