{"id":59939,"date":"2023-06-23T11:18:14","date_gmt":"2023-06-23T14:18:14","guid":{"rendered":"https:\/\/www.todoeldia.com\/?p=59939"},"modified":"2023-06-23T11:33:57","modified_gmt":"2023-06-23T14:33:57","slug":"tenia-25-anos-y-su-pareja-la-mato-de-un-balazo-en-el-pecho-cursaba-un-embarazo-de-ocho-meses","status":"publish","type":"post","link":"https:\/\/www.todoeldia.com\/index.php\/2023\/06\/23\/tenia-25-anos-y-su-pareja-la-mato-de-un-balazo-en-el-pecho-cursaba-un-embarazo-de-ocho-meses\/","title":{"rendered":"Ten\u00eda 25 a\u00f1os y su pareja la mat\u00f3 de un balazo en el pecho: cursaba un embarazo de ocho meses"},"content":{"rendered":"\n<p>La joven de 25 a\u00f1os fue encontrada muerta en la habitaci\u00f3n de su casa en Monte Chingolo, Lan\u00fas.<\/p>\n\n\n\n<p>Tamara Cortez ten\u00eda 25 a\u00f1os y, seg\u00fan su entorno m\u00e1s cercano, transitaba un momento pleno de felicidad. &#8220;Cursaba un embarazo de ocho meses y estaba muy entusiasmada con la posibilidad de ser mam\u00e1&#8221;. Pero aquel sue\u00f1o se convirti\u00f3 en una pesadilla: Germ\u00e1n P\u00e9rez, su pareja de 28 a\u00f1os, la asesin\u00f3 de un balazo en el pecho en su casa de la calle Blas Parera al 800, de la localidad bonaerense de Monte Chingolo, Lan\u00fas, en la zona sur del conurbano.<\/p>\n\n\n\n<p>El hecho ocurri\u00f3 el jueves por la noche y seg\u00fan las primeras averiguaciones del caso, el propio P\u00e9rez hab\u00eda acudido a la comisar\u00eda a denunciar que hab\u00eda encontrado muerta a su pareja. Sin embargo, los testimonios de vecinos contradijeron su versi\u00f3n de los hechos y frente a los investigadores, hablaron de &#8220;fuertes gritos&#8221; y de una &#8220;feroz discusi\u00f3n&#8221; que se hab\u00edan escuchado minutos antes del asesinato, as\u00ed como tambi\u00e9n un disparo.<\/p>\n\n\n\n<p>De acuerdo a las primeras versiones del caso, el principal acusado hab\u00eda denunciado en la Comisar\u00eda 6ta de Lan\u00fas que, al llegar su casa, hab\u00eda encontrado a su pareja &#8220;tendida en el suelo&#8221; de la habitaci\u00f3n con una herida de arma de fuego en el pecho. Inmediatamente llegaron al lugar polic\u00edas y una ambulancia de la Unidad Sanitaria Nicol\u00e1s Natiello, cuyos profesionales constataron el fallecimiento de la joven que cursaba un embarazo de ocho meses.<\/p>\n\n\n\n<p>Al mismo tiempo, los profesionales de la salud constataron que el beb\u00e9 en su vientre tambi\u00e9n perdi\u00f3 la vida. Fuentes policiales indicaron que la joven fue encontrada muerta al lado de la cama. Tras las contradicciones del propio P\u00e9rez y el testimonio de algunos vecinos, la justicia dispuso la inmediata detenci\u00f3n de la pareja de la v\u00edctima.<\/p>\n\n\n\n<p>P\u00e9rez hab\u00eda se\u00f1alado que entr\u00f3 a su casa, ingres\u00f3 a la habitaci\u00f3n y se encontr\u00f3 a Tamara, tendida en el suelo, con un disparo. &#8220;Se suicid\u00f3&#8221;, dijo. Pero sus vecinos escucharon la discusi\u00f3n que tuvo esa noche la pareja, afirmaron que se trat\u00f3 de un ataque por &#8220;celos&#8221; y que escucharon el disparo que acab\u00f3 con la vida de Tamara y su hijo por nacer. Adem\u00e1s, una c\u00e1mara de seguridad de la zona lo enfoca cuando el hombre se va de la casa y luego vuelve, simulando la secuencia.<\/p>\n\n\n\n<p>En la casa, la v\u00edctima ten\u00eda la ropa en bolsos, por lo que se presume que se iba a ir del lugar. En la escena del crimen trabajaron efectivos de la comisar\u00eda 6ta. de Lan\u00fas, mientras que la fiscal Mar\u00eda Soledad Garibaldi, de la Unidad Funcional de Instrucci\u00f3n (UFI) N\u00b08 del Departamento Judicial de Lan\u00fas, qued\u00f3 a cargo de la investigaci\u00f3n del caso en el cual el detenido est\u00e1 acusado de femicidio y homicidio agravado.<\/p>\n\n\n\n<p>La fiscal cree que P\u00e9rez lleg\u00f3 al domicilio, vio que Tamara ten\u00eda todas sus pertenencias empacadas para irse y comenz\u00f3 a discutir con ella. &#8220;Agarr\u00f3 el arma y le dispar\u00f3&#8221;, advirtieron. El hombre qued\u00f3 imputado por el delito de femicidio y del homicidio calificado del menor que estaba por nacer, ya que por ahora la Justicia desconoce el g\u00e9nero del beb\u00e9 a pesar de que dentro de la casa hallaron &#8220;ropa de nena&#8221;.<\/p>\n","protected":false},"excerpt":{"rendered":"<p>La joven de 25 a\u00f1os fue encontrada muerta en la habitaci\u00f3n de su casa en Monte Chingolo, Lan\u00fas. Tamara Cortez ten\u00eda 25 a\u00f1os y, seg\u00fan su entorno m\u00e1s cercano, transitaba un momento pleno de felicidad. &#8220;Cursaba un embarazo de ocho meses y estaba muy entusiasmada con la posibilidad de ser mam\u00e1&#8221;. Pero aquel sue\u00f1o se [&hellip;]<\/p>\n","protected":false},"author":2,"featured_media":59944,"comment_status":"open","ping_status":"open","sticky":false,"template":"","format":"standard","meta":{"tdm_status":"","tdm_grid_status":"","_joinchat":[],"footnotes":""},"categories":[63],"tags":[],"class_list":{"0":"post-59939","1":"post","2":"type-post","3":"status-publish","4":"format-standard","5":"has-post-thumbnail","7":"category-policiales"},"amp_enabled":true,"_links":{"self":[{"href":"https:\/\/www.todoeldia.com\/index.php\/wp-json\/wp\/v2\/posts\/59939","targetHints":{"allow":["GET"]}}],"collection":[{"href":"https:\/\/www.todoeldia.com\/index.php\/wp-json\/wp\/v2\/posts"}],"about":[{"href":"https:\/\/www.todoeldia.com\/index.php\/wp-json\/wp\/v2\/types\/post"}],"author":[{"embeddable":true,"href":"https:\/\/www.todoeldia.com\/index.php\/wp-json\/wp\/v2\/users\/2"}],"replies":[{"embeddable":true,"href":"https:\/\/www.todoeldia.com\/index.php\/wp-json\/wp\/v2\/comments?post=59939"}],"version-history":[{"count":1,"href":"https:\/\/www.todoeldia.com\/index.php\/wp-json\/wp\/v2\/posts\/59939\/revisions"}],"predecessor-version":[{"id":59941,"href":"https:\/\/www.todoeldia.com\/index.php\/wp-json\/wp\/v2\/posts\/59939\/revisions\/59941"}],"wp:featuredmedia":[{"embeddable":true,"href":"https:\/\/www.todoeldia.com\/index.php\/wp-json\/wp\/v2\/media\/59944"}],"wp:attachment":[{"href":"https:\/\/www.todoeldia.com\/index.php\/wp-json\/wp\/v2\/media?parent=59939"}],"wp:term":[{"taxonomy":"category","embeddable":true,"href":"https:\/\/www.todoeldia.com\/index.php\/wp-json\/wp\/v2\/categories?post=59939"},{"taxonomy":"post_tag","embeddable":true,"href":"https:\/\/www.todoeldia.com\/index.php\/wp-json\/wp\/v2\/tags?post=59939"}],"curies":[{"name":"wp","href":"https:\/\/api.w.org\/{rel}","templated":true}]}}