{"id":59945,"date":"2023-06-23T11:36:12","date_gmt":"2023-06-23T14:36:12","guid":{"rendered":"https:\/\/www.todoeldia.com\/?p=59945"},"modified":"2023-06-23T11:36:14","modified_gmt":"2023-06-23T14:36:14","slug":"revocan-la-prision-domiciliaria-de-uno-de-los-imputados-por-el-crimen-de-jimena-salas","status":"publish","type":"post","link":"https:\/\/www.todoeldia.com\/index.php\/2023\/06\/23\/revocan-la-prision-domiciliaria-de-uno-de-los-imputados-por-el-crimen-de-jimena-salas\/","title":{"rendered":"Revocan la prisi\u00f3n domiciliaria de uno de los imputados por el crimen de Jimena Salas"},"content":{"rendered":"\n<p>El Tribunal de Impugnaci\u00f3n hizo lugar a lo solicitado por la Unidad Fiscal que investiga el homicidio calificado de Jimena Beatriz Salas y declar\u00f3 la nulidad de la resoluci\u00f3n del Juzgado de Garant\u00edas interviniente, donde se concedi\u00f3 el arresto domiciliario al mayor de los hermanos imputados por el hecho.<\/p>\n\n\n\n<p>La Unidad Fiscal integrada por la fiscal penal de la Unidad de Femicidios, M\u00f3nica Poma, el fiscal penal de Graves Atentados contra las Personas, Leandro Flores y el fiscal penal de Derechos Humanos, Gabriel Gonz\u00e1lez, present\u00f3 oportunamente un recurso de apelaci\u00f3n ante la resoluci\u00f3n del Juzgado de Garant\u00edas 5 del distrito Centro, donde se concedi\u00f3 el beneficio del arresto domiciliario a uno de los tres imputados en la causa.<\/p>\n\n\n\n<p>Los Fiscales fueron notificados en las \u00faltimas horas por la Sala III del Tribunal de Impugnaci\u00f3n, de la resoluci\u00f3n de este planteo, donde se hace lugar a lo solicitado por los representantes del Ministerio P\u00fablico Fiscal y se declara la nulidad de la resoluci\u00f3n del Juzgado de Garant\u00edas interviniente y ordena que el acusado sea alojado nuevamente en la Alcaid\u00eda General.<\/p>\n","protected":false},"excerpt":{"rendered":"<p>El Tribunal de Impugnaci\u00f3n hizo lugar a lo solicitado por la Unidad Fiscal que investiga el homicidio calificado de Jimena Beatriz Salas y declar\u00f3 la nulidad de la resoluci\u00f3n del Juzgado de Garant\u00edas interviniente, donde se concedi\u00f3 el arresto domiciliario al mayor de los hermanos imputados por el hecho. La Unidad Fiscal integrada por la [&hellip;]<\/p>\n","protected":false},"author":2,"featured_media":47459,"comment_status":"open","ping_status":"open","sticky":false,"template":"","format":"standard","meta":{"tdm_status":"","tdm_grid_status":"","_joinchat":[],"footnotes":""},"categories":[63],"tags":[],"class_list":{"0":"post-59945","1":"post","2":"type-post","3":"status-publish","4":"format-standard","5":"has-post-thumbnail","7":"category-policiales"},"amp_enabled":true,"_links":{"self":[{"href":"https:\/\/www.todoeldia.com\/index.php\/wp-json\/wp\/v2\/posts\/59945","targetHints":{"allow":["GET"]}}],"collection":[{"href":"https:\/\/www.todoeldia.com\/index.php\/wp-json\/wp\/v2\/posts"}],"about":[{"href":"https:\/\/www.todoeldia.com\/index.php\/wp-json\/wp\/v2\/types\/post"}],"author":[{"embeddable":true,"href":"https:\/\/www.todoeldia.com\/index.php\/wp-json\/wp\/v2\/users\/2"}],"replies":[{"embeddable":true,"href":"https:\/\/www.todoeldia.com\/index.php\/wp-json\/wp\/v2\/comments?post=59945"}],"version-history":[{"count":1,"href":"https:\/\/www.todoeldia.com\/index.php\/wp-json\/wp\/v2\/posts\/59945\/revisions"}],"predecessor-version":[{"id":59946,"href":"https:\/\/www.todoeldia.com\/index.php\/wp-json\/wp\/v2\/posts\/59945\/revisions\/59946"}],"wp:featuredmedia":[{"embeddable":true,"href":"https:\/\/www.todoeldia.com\/index.php\/wp-json\/wp\/v2\/media\/47459"}],"wp:attachment":[{"href":"https:\/\/www.todoeldia.com\/index.php\/wp-json\/wp\/v2\/media?parent=59945"}],"wp:term":[{"taxonomy":"category","embeddable":true,"href":"https:\/\/www.todoeldia.com\/index.php\/wp-json\/wp\/v2\/categories?post=59945"},{"taxonomy":"post_tag","embeddable":true,"href":"https:\/\/www.todoeldia.com\/index.php\/wp-json\/wp\/v2\/tags?post=59945"}],"curies":[{"name":"wp","href":"https:\/\/api.w.org\/{rel}","templated":true}]}}