{"id":59947,"date":"2023-06-23T11:43:25","date_gmt":"2023-06-23T14:43:25","guid":{"rendered":"https:\/\/www.todoeldia.com\/?p=59947"},"modified":"2023-06-23T11:44:26","modified_gmt":"2023-06-23T14:44:26","slug":"prision-domiciliaria-para-dos-viejos-violadores-de-el-quebrachal","status":"publish","type":"post","link":"https:\/\/www.todoeldia.com\/index.php\/2023\/06\/23\/prision-domiciliaria-para-dos-viejos-violadores-de-el-quebrachal\/","title":{"rendered":"Prisi\u00f3n domiciliaria para dos viejos violadores de El Quebrachal: uno era pareja de la abuela de la nena"},"content":{"rendered":"\n<p>Uno de los acusados era pareja de la abuela de la menor y el otro un vecino y los hechos se conocieron en el \u00e1mbito escolar. Ambos ser\u00e1n registrados en el Banco de Datos Gen\u00e9ticos.<\/p>\n\n\n\n<p>La fiscal penal de Joaqu\u00edn V. Gonz\u00e1lez, Mar\u00eda Celeste Garc\u00eda Pisacic, represent\u00f3 al Ministerio P\u00fablico Fiscal ante la Sala II del Tribunal de Juicio de ese distrito, en la audiencia de debate contra un hombre de 51 a\u00f1os como autor de los delitos de abuso sexual simple (varios hechos) y un hecho de abuso sexual con acceso carnal agravado por la situaci\u00f3n de convivencia con una menor de edad y contra un hombre de 78 a\u00f1os como autor del delito de abuso sexual con acceso carnal.<\/p>\n\n\n\n<p>La menor, oriunda de la localidad de El Quebrachal, en noviembre de 2022 revel\u00f3 en el \u00e1mbito escolar los hechos de abuso sexual de los que era v\u00edctima por parte de la pareja de su abuela y de un hecho ocurrido con un vecino d\u00edas antes y \u00e9stos fueron denunciados por la Directora del establecimiento.<\/p>\n\n\n\n<p>Durante los alegatos, la fiscal Garc\u00eda Pisacic sostuvo la acusaci\u00f3n para los dos acusados y solicit\u00f3 para el mayor de ellos, la pena de 10 a\u00f1os de prisi\u00f3n y para el otro 14 a\u00f1os de prisi\u00f3n.<\/p>\n\n\n\n<p>En el veredicto, la jueza Carolina Poma Salvadores conden\u00f3 al hombre de 51 a\u00f1os a la pena de 12 a\u00f1os de prisi\u00f3n efectiva y al de 78 a\u00f1os a la pena de 8 a\u00f1os de prisi\u00f3n efectiva por los delitos por los que llegaron acusados; penas que cumplir\u00e1n bajo la modalidad de prisi\u00f3n domiciliaria.<\/p>\n","protected":false},"excerpt":{"rendered":"<p>Uno de los acusados era pareja de la abuela de la menor y el otro un vecino y los hechos se conocieron en el \u00e1mbito escolar. Ambos ser\u00e1n registrados en el Banco de Datos Gen\u00e9ticos. La fiscal penal de Joaqu\u00edn V. Gonz\u00e1lez, Mar\u00eda Celeste Garc\u00eda Pisacic, represent\u00f3 al Ministerio P\u00fablico Fiscal ante la Sala II [&hellip;]<\/p>\n","protected":false},"author":2,"featured_media":37251,"comment_status":"open","ping_status":"open","sticky":false,"template":"","format":"standard","meta":{"tdm_status":"","tdm_grid_status":"","_joinchat":[],"footnotes":""},"categories":[63],"tags":[],"class_list":{"0":"post-59947","1":"post","2":"type-post","3":"status-publish","4":"format-standard","5":"has-post-thumbnail","7":"category-policiales"},"amp_enabled":true,"_links":{"self":[{"href":"https:\/\/www.todoeldia.com\/index.php\/wp-json\/wp\/v2\/posts\/59947","targetHints":{"allow":["GET"]}}],"collection":[{"href":"https:\/\/www.todoeldia.com\/index.php\/wp-json\/wp\/v2\/posts"}],"about":[{"href":"https:\/\/www.todoeldia.com\/index.php\/wp-json\/wp\/v2\/types\/post"}],"author":[{"embeddable":true,"href":"https:\/\/www.todoeldia.com\/index.php\/wp-json\/wp\/v2\/users\/2"}],"replies":[{"embeddable":true,"href":"https:\/\/www.todoeldia.com\/index.php\/wp-json\/wp\/v2\/comments?post=59947"}],"version-history":[{"count":2,"href":"https:\/\/www.todoeldia.com\/index.php\/wp-json\/wp\/v2\/posts\/59947\/revisions"}],"predecessor-version":[{"id":59950,"href":"https:\/\/www.todoeldia.com\/index.php\/wp-json\/wp\/v2\/posts\/59947\/revisions\/59950"}],"wp:featuredmedia":[{"embeddable":true,"href":"https:\/\/www.todoeldia.com\/index.php\/wp-json\/wp\/v2\/media\/37251"}],"wp:attachment":[{"href":"https:\/\/www.todoeldia.com\/index.php\/wp-json\/wp\/v2\/media?parent=59947"}],"wp:term":[{"taxonomy":"category","embeddable":true,"href":"https:\/\/www.todoeldia.com\/index.php\/wp-json\/wp\/v2\/categories?post=59947"},{"taxonomy":"post_tag","embeddable":true,"href":"https:\/\/www.todoeldia.com\/index.php\/wp-json\/wp\/v2\/tags?post=59947"}],"curies":[{"name":"wp","href":"https:\/\/api.w.org\/{rel}","templated":true}]}}