{"id":59960,"date":"2023-06-23T12:12:49","date_gmt":"2023-06-23T15:12:49","guid":{"rendered":"https:\/\/www.todoeldia.com\/?p=59960"},"modified":"2023-06-23T12:12:51","modified_gmt":"2023-06-23T15:12:51","slug":"facundo-manes-se-presento-como-precandidato-a-presidente-con-la-lista-dar-el-paso","status":"publish","type":"post","link":"https:\/\/www.todoeldia.com\/index.php\/2023\/06\/23\/facundo-manes-se-presento-como-precandidato-a-presidente-con-la-lista-dar-el-paso\/","title":{"rendered":"Facundo Manes se present\u00f3 como precandidato a presidente con la lista \u201cDar el Paso\u201d"},"content":{"rendered":"\n<p>Seg\u00fan confirmaron a Infobae, el neur\u00f3logo consigui\u00f3 los avales para su postulaci\u00f3n y cuenta con armado en todas las jurisdicciones. Rodr\u00edguez Larreta intentaba sumarlo a sus listas.<\/p>\n\n\n\n<p>Facundo Manes se present\u00f3 como precandidato a presidente para las internas que se realizar\u00e1n en agosto pr\u00f3ximo y competir\u00e1 con la lista \u201cDar el Paso\u201d, la misma que utiliz\u00f3 en los comicios del 2021 cuando se convirti\u00f3 en diputado. Seg\u00fan confirmaron a Infobae su equipo de comunicaci\u00f3n, cuentan con todos los avales necesarios y armado en todas las jurisdicciones.<\/p>\n\n\n\n<p>El neur\u00f3logo hab\u00eda sido tentado en las \u00faltimas horas por la alianza de Gerardo Morales y Horacio Rodr\u00edguez Larreta para encabezar la lista de senadores, pero la rechaz\u00f3. Adem\u00e1s, en su entorno confirmaron a este medio que, a su hermano y presidente de la Convenci\u00f3n Nacional de la UCR, Gast\u00f3n Manes, le ofrecieron acompa\u00f1ar a Diego Santilli en la f\u00f3rmula bonaerense, pero tampoco se lleg\u00f3 a un acuerdo.<\/p>\n\n\n\n<p>\u201cSe demostr\u00f3 que Morales ten\u00eda un proyecto vicepresidencialista\u201d, cuestionan en el entorno de Manes. Se debe a que este viernes se conoci\u00f3 que finalmente el gobernador juje\u00f1o acompa\u00f1ar\u00e1 al jefe de Gobierno porte\u00f1o en la f\u00f3rmula mixta. Ambos dirigentes radicales no lograron ponerse de acuerdo en un m\u00e9todo para consensuar una candidatura presidencial \u00fanica de la UCR.<\/p>\n\n\n\n<p>Por estas horas, Manes se encuentra reunido con su equipo estrat\u00e9gico para terminar de delinear el armado de listas. De todos modos, aclaran sus operadores que cuentan con candidatos en todas las jurisdicciones para diputados y senadores, e incluso gobernadores, pero no develaron sus nombres.<\/p>\n","protected":false},"excerpt":{"rendered":"<p>Seg\u00fan confirmaron a Infobae, el neur\u00f3logo consigui\u00f3 los avales para su postulaci\u00f3n y cuenta con armado en todas las jurisdicciones. Rodr\u00edguez Larreta intentaba sumarlo a sus listas. Facundo Manes se present\u00f3 como precandidato a presidente para las internas que se realizar\u00e1n en agosto pr\u00f3ximo y competir\u00e1 con la lista \u201cDar el Paso\u201d, la misma que [&hellip;]<\/p>\n","protected":false},"author":2,"featured_media":59961,"comment_status":"open","ping_status":"open","sticky":false,"template":"","format":"standard","meta":{"tdm_status":"","tdm_grid_status":"","_joinchat":[],"footnotes":""},"categories":[59],"tags":[],"class_list":{"0":"post-59960","1":"post","2":"type-post","3":"status-publish","4":"format-standard","5":"has-post-thumbnail","7":"category-politica"},"amp_enabled":true,"_links":{"self":[{"href":"https:\/\/www.todoeldia.com\/index.php\/wp-json\/wp\/v2\/posts\/59960","targetHints":{"allow":["GET"]}}],"collection":[{"href":"https:\/\/www.todoeldia.com\/index.php\/wp-json\/wp\/v2\/posts"}],"about":[{"href":"https:\/\/www.todoeldia.com\/index.php\/wp-json\/wp\/v2\/types\/post"}],"author":[{"embeddable":true,"href":"https:\/\/www.todoeldia.com\/index.php\/wp-json\/wp\/v2\/users\/2"}],"replies":[{"embeddable":true,"href":"https:\/\/www.todoeldia.com\/index.php\/wp-json\/wp\/v2\/comments?post=59960"}],"version-history":[{"count":1,"href":"https:\/\/www.todoeldia.com\/index.php\/wp-json\/wp\/v2\/posts\/59960\/revisions"}],"predecessor-version":[{"id":59962,"href":"https:\/\/www.todoeldia.com\/index.php\/wp-json\/wp\/v2\/posts\/59960\/revisions\/59962"}],"wp:featuredmedia":[{"embeddable":true,"href":"https:\/\/www.todoeldia.com\/index.php\/wp-json\/wp\/v2\/media\/59961"}],"wp:attachment":[{"href":"https:\/\/www.todoeldia.com\/index.php\/wp-json\/wp\/v2\/media?parent=59960"}],"wp:term":[{"taxonomy":"category","embeddable":true,"href":"https:\/\/www.todoeldia.com\/index.php\/wp-json\/wp\/v2\/categories?post=59960"},{"taxonomy":"post_tag","embeddable":true,"href":"https:\/\/www.todoeldia.com\/index.php\/wp-json\/wp\/v2\/tags?post=59960"}],"curies":[{"name":"wp","href":"https:\/\/api.w.org\/{rel}","templated":true}]}}