{"id":59963,"date":"2023-06-23T12:17:37","date_gmt":"2023-06-23T15:17:37","guid":{"rendered":"https:\/\/www.todoeldia.com\/?p=59963"},"modified":"2023-06-23T12:17:39","modified_gmt":"2023-06-23T15:17:39","slug":"sebastian-villa-intimo-legalmente-a-boca-juniors-exige-su-reincorporacion","status":"publish","type":"post","link":"https:\/\/www.todoeldia.com\/index.php\/2023\/06\/23\/sebastian-villa-intimo-legalmente-a-boca-juniors-exige-su-reincorporacion\/","title":{"rendered":"Sebasti\u00e1n Villa intim\u00f3 legalmente a Boca Juniors: exige su reincorporaci\u00f3n"},"content":{"rendered":"\n<p>El delantero colombiano reapareci\u00f3 luego de ser apartado del club tras ser condenado por violencia de g\u00e9nero.<\/p>\n\n\n\n<p>A casi un mes de haber sido condenado por violencia de g\u00e9nero, Sebasti\u00e1n Villa volvi\u00f3 a aparecer en el mundo Boca. Esta vez, el colombiano present\u00f3 una intimaci\u00f3n en el club con la exigencia de ser reincorporado dentro de, como m\u00e1ximo, cinco d\u00edas.<\/p>\n\n\n\n<p>En el comunicado que el delantero le hizo llegar a la entidad &#8220;Xeneize&#8221; deja expreso que, si en cinco d\u00edas el club no le permite volver a los entrenamientos en igual de condiciones que el resto del plantel, se considerar\u00e1 como agente libre y podr\u00eda negociar su pase sin dejarle dinero al club.<\/p>\n\n\n\n<p>Cuando Villa fue condenado a dos a\u00f1os y un mes en el juicio por violencia de g\u00e9nero contra Daniela Cort\u00e9s, Boca emiti\u00f3 un comunicado en el que inform\u00f3 que el colombiano ya no formar\u00eda parte de la instituci\u00f3n. En este contexto, retir\u00f3 todas sus pertenencias del club y viaj\u00f3 a su pa\u00eds, donde se encuentra hasta hoy.<\/p>\n\n\n\n<p>La postura de Boca<\/p>\n\n\n\n<p>El contrato de Sebasti\u00e1n Villa con Boca vence en diciembre de 2024. A pesar de que no jugar\u00e1 m\u00e1s con la camiseta azul y oro, la dirigencia tiene decidido no rescindirle el contrato para evitar as\u00ed una causa por despido discriminatorio. En este contexto, el objetivo del Consejo del F\u00fatbol es buscarle una salida en este mercado de pases.<\/p>\n","protected":false},"excerpt":{"rendered":"<p>El delantero colombiano reapareci\u00f3 luego de ser apartado del club tras ser condenado por violencia de g\u00e9nero. A casi un mes de haber sido condenado por violencia de g\u00e9nero, Sebasti\u00e1n Villa volvi\u00f3 a aparecer en el mundo Boca. Esta vez, el colombiano present\u00f3 una intimaci\u00f3n en el club con la exigencia de ser reincorporado dentro [&hellip;]<\/p>\n","protected":false},"author":2,"featured_media":59964,"comment_status":"open","ping_status":"open","sticky":false,"template":"","format":"standard","meta":{"tdm_status":"","tdm_grid_status":"","_joinchat":[],"footnotes":""},"categories":[62],"tags":[],"class_list":{"0":"post-59963","1":"post","2":"type-post","3":"status-publish","4":"format-standard","5":"has-post-thumbnail","7":"category-deportes"},"amp_enabled":true,"_links":{"self":[{"href":"https:\/\/www.todoeldia.com\/index.php\/wp-json\/wp\/v2\/posts\/59963","targetHints":{"allow":["GET"]}}],"collection":[{"href":"https:\/\/www.todoeldia.com\/index.php\/wp-json\/wp\/v2\/posts"}],"about":[{"href":"https:\/\/www.todoeldia.com\/index.php\/wp-json\/wp\/v2\/types\/post"}],"author":[{"embeddable":true,"href":"https:\/\/www.todoeldia.com\/index.php\/wp-json\/wp\/v2\/users\/2"}],"replies":[{"embeddable":true,"href":"https:\/\/www.todoeldia.com\/index.php\/wp-json\/wp\/v2\/comments?post=59963"}],"version-history":[{"count":1,"href":"https:\/\/www.todoeldia.com\/index.php\/wp-json\/wp\/v2\/posts\/59963\/revisions"}],"predecessor-version":[{"id":59965,"href":"https:\/\/www.todoeldia.com\/index.php\/wp-json\/wp\/v2\/posts\/59963\/revisions\/59965"}],"wp:featuredmedia":[{"embeddable":true,"href":"https:\/\/www.todoeldia.com\/index.php\/wp-json\/wp\/v2\/media\/59964"}],"wp:attachment":[{"href":"https:\/\/www.todoeldia.com\/index.php\/wp-json\/wp\/v2\/media?parent=59963"}],"wp:term":[{"taxonomy":"category","embeddable":true,"href":"https:\/\/www.todoeldia.com\/index.php\/wp-json\/wp\/v2\/categories?post=59963"},{"taxonomy":"post_tag","embeddable":true,"href":"https:\/\/www.todoeldia.com\/index.php\/wp-json\/wp\/v2\/tags?post=59963"}],"curies":[{"name":"wp","href":"https:\/\/api.w.org\/{rel}","templated":true}]}}