{"id":59994,"date":"2023-06-23T22:39:40","date_gmt":"2023-06-24T01:39:40","guid":{"rendered":"https:\/\/www.todoeldia.com\/?p=59994"},"modified":"2023-06-23T22:39:43","modified_gmt":"2023-06-24T01:39:43","slug":"se-armo-el-quilombo-sergio-massa-y-agustin-rossi-sera-la-formula-presidencial-de-union-por-la-patria","status":"publish","type":"post","link":"https:\/\/www.todoeldia.com\/index.php\/2023\/06\/23\/se-armo-el-quilombo-sergio-massa-y-agustin-rossi-sera-la-formula-presidencial-de-union-por-la-patria\/","title":{"rendered":"\u00a1Se arm\u00f3 el quilombo! Sergio Massa y Agust\u00edn Rossi ser\u00e1 la f\u00f3rmula presidencial de Uni\u00f3n por la Patria"},"content":{"rendered":"\n<p>El Gobierno anunci\u00f3 una lista de unidad para las pr\u00f3ximas elecciones. Eduardo de Pedro y Daniel Scioli no ser\u00e1n de la contienda.<\/p>\n\n\n\n<p>Sorpresivamente, y luego de intensas negociaciones durante todo el d\u00eda, Uni\u00f3n por la Patria anunci\u00f3 una lista de consenso para las pr\u00f3ximas elecciones presidenciales. El candidato a presidente ser\u00e1 Sergio Massa y su compa\u00f1ero de f\u00f3rmula Agust\u00edn Rossi.<\/p>\n\n\n\n<p>Ayer, el ministro de Interior, Eduardo \u201cWado\u201d de Pedro, hab\u00eda oficializado su candidatura a trav\u00e9s de un video que difundi\u00f3 en las redes sociales. La noche anterior, Cristina Kirchner, Sergio Massa, M\u00e1ximo Kirchner y el propio Wado se hab\u00edan reunido y definieron que el plazo para confirmar el binomio presidencial ser\u00eda este viernes a las 16.<\/p>\n\n\n\n<p>Si para ese entonces no se lograba una lista de unidad, que inclu\u00eda que Daniel Scioli desistiera de competir, hoy saldr\u00eda el video del ministro con el gobernador de Tucum\u00e1n, Juan Manzur, que ser\u00eda su vice.<\/p>\n\n\n\n<p>Sin embargo, el video con la confirmaci\u00f3n de Manzur nunca lleg\u00f3 y bien entrada la tarde comenzaron a multiplicarse las especulaciones en torno al armado pol\u00edtico del frente Uni\u00f3n por la Patria.<\/p>\n","protected":false},"excerpt":{"rendered":"<p>El Gobierno anunci\u00f3 una lista de unidad para las pr\u00f3ximas elecciones. Eduardo de Pedro y Daniel Scioli no ser\u00e1n de la contienda. Sorpresivamente, y luego de intensas negociaciones durante todo el d\u00eda, Uni\u00f3n por la Patria anunci\u00f3 una lista de consenso para las pr\u00f3ximas elecciones presidenciales. El candidato a presidente ser\u00e1 Sergio Massa y su [&hellip;]<\/p>\n","protected":false},"author":2,"featured_media":59995,"comment_status":"open","ping_status":"open","sticky":false,"template":"","format":"standard","meta":{"tdm_status":"","tdm_grid_status":"","_joinchat":[],"footnotes":""},"categories":[59],"tags":[],"class_list":{"0":"post-59994","1":"post","2":"type-post","3":"status-publish","4":"format-standard","5":"has-post-thumbnail","7":"category-politica"},"amp_enabled":true,"_links":{"self":[{"href":"https:\/\/www.todoeldia.com\/index.php\/wp-json\/wp\/v2\/posts\/59994","targetHints":{"allow":["GET"]}}],"collection":[{"href":"https:\/\/www.todoeldia.com\/index.php\/wp-json\/wp\/v2\/posts"}],"about":[{"href":"https:\/\/www.todoeldia.com\/index.php\/wp-json\/wp\/v2\/types\/post"}],"author":[{"embeddable":true,"href":"https:\/\/www.todoeldia.com\/index.php\/wp-json\/wp\/v2\/users\/2"}],"replies":[{"embeddable":true,"href":"https:\/\/www.todoeldia.com\/index.php\/wp-json\/wp\/v2\/comments?post=59994"}],"version-history":[{"count":1,"href":"https:\/\/www.todoeldia.com\/index.php\/wp-json\/wp\/v2\/posts\/59994\/revisions"}],"predecessor-version":[{"id":59996,"href":"https:\/\/www.todoeldia.com\/index.php\/wp-json\/wp\/v2\/posts\/59994\/revisions\/59996"}],"wp:featuredmedia":[{"embeddable":true,"href":"https:\/\/www.todoeldia.com\/index.php\/wp-json\/wp\/v2\/media\/59995"}],"wp:attachment":[{"href":"https:\/\/www.todoeldia.com\/index.php\/wp-json\/wp\/v2\/media?parent=59994"}],"wp:term":[{"taxonomy":"category","embeddable":true,"href":"https:\/\/www.todoeldia.com\/index.php\/wp-json\/wp\/v2\/categories?post=59994"},{"taxonomy":"post_tag","embeddable":true,"href":"https:\/\/www.todoeldia.com\/index.php\/wp-json\/wp\/v2\/tags?post=59994"}],"curies":[{"name":"wp","href":"https:\/\/api.w.org\/{rel}","templated":true}]}}