{"id":60036,"date":"2023-06-25T11:31:04","date_gmt":"2023-06-25T14:31:04","guid":{"rendered":"https:\/\/www.todoeldia.com\/?p=60036"},"modified":"2023-06-25T11:31:05","modified_gmt":"2023-06-25T14:31:05","slug":"uno-por-uno-estos-son-los-candidatos-a-gobernador-en-la-provincia-de-buenos-aires","status":"publish","type":"post","link":"https:\/\/www.todoeldia.com\/index.php\/2023\/06\/25\/uno-por-uno-estos-son-los-candidatos-a-gobernador-en-la-provincia-de-buenos-aires\/","title":{"rendered":"Uno por uno, estos son los candidatos a gobernador en la provincia de Buenos Aires"},"content":{"rendered":"\n<p>El cierre de listas confirm\u00f3 los nombres de quienes competir\u00e1n en las Primarias Abiertas Simult\u00e1neas y Obligatorias de cara a las generales en territorio bonaerense<\/p>\n\n\n\n<p>Este s\u00e1bado a la medianoche lleg\u00f3 a su final la primera de las etapas que conducen a las elecciones de octubre y \u2014con miras a las PASO\u2014 se definieron los nombres que competir\u00e1n en las urnas para ocupar el cargo de gobernador en la provincia de Buenos Aires. Es que cerraron las listas y, entre los nombres que se destacan, figuran nada m\u00e1s y nada menos que los de Axel Kicillof y Ver\u00f3nica Magario (Uni\u00f3n por la Patria), quienes en conjunto apuntan a lograr la reelecci\u00f3n en el territorio bonaerense.<\/p>\n\n\n\n<figure class=\"wp-block-image size-full is-resized\"><img loading=\"lazy\" decoding=\"async\" src=\"https:\/\/www.todoeldia.com\/wp-content\/uploads\/2023\/06\/image-213.png\" alt=\"\" class=\"wp-image-60038\" width=\"1036\" height=\"611\"\/><\/figure>\n\n\n\n<p>Este s\u00e1bado, tras largas horas en las que se registr\u00f3 una importante tensi\u00f3n en el marco del armado bonaerense, Kicillof \u2014gobernador de la provincia de Buenos Aires\u2014 finalmente confirm\u00f3 que ir\u00e1 por su reelecci\u00f3n: alrededor de las 21.30 firm\u00f3 su precandidatura e ir\u00e1 por su segunda gesti\u00f3n en el territorio y \u2014al igual que en 2019\u2014 su compa\u00f1era de f\u00f3rmula ser\u00e1 Magario, la dirigente de La Matanza.<\/p>\n\n\n\n<p><\/p>\n","protected":false},"excerpt":{"rendered":"<p>El cierre de listas confirm\u00f3 los nombres de quienes competir\u00e1n en las Primarias Abiertas Simult\u00e1neas y Obligatorias de cara a las generales en territorio bonaerense Este s\u00e1bado a la medianoche lleg\u00f3 a su final la primera de las etapas que conducen a las elecciones de octubre y \u2014con miras a las PASO\u2014 se definieron los [&hellip;]<\/p>\n","protected":false},"author":2,"featured_media":60037,"comment_status":"open","ping_status":"open","sticky":false,"template":"","format":"standard","meta":{"tdm_status":"","tdm_grid_status":"","_joinchat":[],"footnotes":""},"categories":[59],"tags":[],"class_list":{"0":"post-60036","1":"post","2":"type-post","3":"status-publish","4":"format-standard","5":"has-post-thumbnail","7":"category-politica"},"amp_enabled":true,"_links":{"self":[{"href":"https:\/\/www.todoeldia.com\/index.php\/wp-json\/wp\/v2\/posts\/60036","targetHints":{"allow":["GET"]}}],"collection":[{"href":"https:\/\/www.todoeldia.com\/index.php\/wp-json\/wp\/v2\/posts"}],"about":[{"href":"https:\/\/www.todoeldia.com\/index.php\/wp-json\/wp\/v2\/types\/post"}],"author":[{"embeddable":true,"href":"https:\/\/www.todoeldia.com\/index.php\/wp-json\/wp\/v2\/users\/2"}],"replies":[{"embeddable":true,"href":"https:\/\/www.todoeldia.com\/index.php\/wp-json\/wp\/v2\/comments?post=60036"}],"version-history":[{"count":1,"href":"https:\/\/www.todoeldia.com\/index.php\/wp-json\/wp\/v2\/posts\/60036\/revisions"}],"predecessor-version":[{"id":60039,"href":"https:\/\/www.todoeldia.com\/index.php\/wp-json\/wp\/v2\/posts\/60036\/revisions\/60039"}],"wp:featuredmedia":[{"embeddable":true,"href":"https:\/\/www.todoeldia.com\/index.php\/wp-json\/wp\/v2\/media\/60037"}],"wp:attachment":[{"href":"https:\/\/www.todoeldia.com\/index.php\/wp-json\/wp\/v2\/media?parent=60036"}],"wp:term":[{"taxonomy":"category","embeddable":true,"href":"https:\/\/www.todoeldia.com\/index.php\/wp-json\/wp\/v2\/categories?post=60036"},{"taxonomy":"post_tag","embeddable":true,"href":"https:\/\/www.todoeldia.com\/index.php\/wp-json\/wp\/v2\/tags?post=60036"}],"curies":[{"name":"wp","href":"https:\/\/api.w.org\/{rel}","templated":true}]}}