{"id":60052,"date":"2023-06-25T17:43:46","date_gmt":"2023-06-25T20:43:46","guid":{"rendered":"https:\/\/www.todoeldia.com\/?p=60052"},"modified":"2023-06-25T17:45:05","modified_gmt":"2023-06-25T20:45:05","slug":"12-candidatos-en-salta-para-elegir-4-diputados-nacionales","status":"publish","type":"post","link":"https:\/\/www.todoeldia.com\/index.php\/2023\/06\/25\/12-candidatos-en-salta-para-elegir-4-diputados-nacionales\/","title":{"rendered":"12 candidatos en Salta para elegir 4 diputados nacionales"},"content":{"rendered":"\n<p>El pr\u00f3ximo 13 de agosto, los salte\u00f1os deber\u00e1n elegir, adem\u00e1s de los candidatos a presidente y vice, quienes ser\u00e1n los aspirantes que buscar\u00e1n una de las cuatro bancas que se renuevan en la C\u00e1mara baja que deja L\u00eda Caliva, Lucas Godoy, Virginia Cornejo y Miguel Nanni que terminan sus mandatos.<\/p>\n\n\n\n<p>En las pr\u00f3ximas PASO competir\u00e1n por el momento 12 listas. Quienes van unificados son Salta Independiente, Alfredo Olmedo, Libres del Sur, los autonomistas, Pol\u00edtica Obrera y el Movimiento al Socialismo (MAS). Mientras que Uni\u00f3n por la Patria (Ex Frente de Todos), Juntos por el Cambio presentan dos listas, al igual que el FIT.<\/p>\n\n\n\n<p>La interna del oficialismo nacional de cara a las elecciones primarias del 13 de agosto qued\u00f3 a\u00fan m\u00e1s dividida en Salta. A la \u00faltima hora del cierre de listas para las PASO, anoche se inscribi\u00f3 una nueva fuerza para competir dentro de Uni\u00f3n por la Patria (ex Frente de Todos) y, finalmente, quedaron tres agrupaciones en pugna en este espacio, para conformar la boleta de candidatos a diputados nacionales salte\u00f1os que se presentar\u00e1n en los comicios generales.<\/p>\n\n\n\n<figure class=\"wp-block-image size-full is-resized\"><img loading=\"lazy\" decoding=\"async\" src=\"https:\/\/www.todoeldia.com\/wp-content\/uploads\/2023\/06\/image-217.png\" alt=\"\" class=\"wp-image-60055\" width=\"1030\" height=\"618\"\/><\/figure>\n\n\n\n<p><strong>Los candidatos de Uni\u00f3n por Salta<\/strong><\/p>\n\n\n\n<p>Las listas definidas son \u201cUni\u00f3n por Salta\u201d, que representa al Gobierno provincial y lleva como cabeza al coordinador de Enlace y Relaciones Pol\u00edticas de la Provincia, Pablo Outes; la lista del ala dura del kirchnerismo \u201cUni\u00f3n por la Victoria\u201d, que tiene como principal candidato al exdiputado provincial Ram\u00f3n \u201cRana\u201d Villa; y la que se sum\u00f3 en \u00faltimo momento \u201cUni\u00f3n por la Felicidad de Salta\u201d (del Partido Felicidad), que est\u00e1 encabezada por la delegada provincial de la Secretar\u00eda de Derechos Humanos de la Naci\u00f3n, Mar\u00eda Morales Miy.<\/p>\n\n\n\n<p>Otra sorpresa, que se decidi\u00f3 a minutos del cierre de listas, fue la declinaci\u00f3n de Gonzalo Quilodran como candidato a diputado en tercer t\u00e9rmino en la lista de Outes. En su lugar qued\u00f3 Lucas Godoy, quien es uno de los cuatro diputados nacionales por Salta que ponen en juego sus bancas en estas elecciones (los otros son Ver\u00f3nica Caliva, del kirchnerismo; Virginia Cornejo, del PRO; y Miguel Nanni, de la UCR).<\/p>\n\n\n\n<p>\u201cDespu\u00e9s de la lista de unidad en la categor\u00eda presidencial buscamos de todas formas que haya unidad tambi\u00e9n en las provincias, pero no se pudo\u201d, dijo Quilodran en di\u00e1logo con El Tribuno.<\/p>\n\n\n\n<p>\u201cSe trat\u00f3 que en una lista est\u00e9n todas las expresiones mayoritarias presentes y existi\u00f3 durante todo el d\u00eda de ayer la posibilidad de que yo vaya tercero, era un cargo no expectable en una PASO, pero que hab\u00eda aceptado como gestualidad, entonces despu\u00e9s no tuve inconveniente alguno para incorporar otro sector, en este caso de un diputado nacional todav\u00eda en ejercicio\u201d, explic\u00f3 el director del Enacom.<\/p>\n\n\n\n<p>Interna K<\/p>\n\n\n\n<p>En limpio, as\u00ed ser\u00e1 la interna del oficialismo nacional en Salta: la boleta de Uni\u00f3n por Salta, estar\u00e1 encabezada por Pablo Outes; en segundo t\u00e9rmino, va la intendenta saliente de Cerrillos, Yolanda Vega; en tercer lugar, Lucas Godoy y en cuarto, Beatriz Blanco. El sindicalista camionero y delegado provincial del Ministerio de Trabajo de la Naci\u00f3n, Jorge Guaym\u00e1s, ir\u00e1 como candidato al Parlasur en esta boleta, acompa\u00f1ado por Guillermo Martinelli.<\/p>\n\n\n\n<p>La lista Uni\u00f3n por la Victoria, que tiene a Villa primero, tendr\u00e1 como segunda candidata a la actual diputada nacional Ver\u00f3nica L\u00eda Caliva. En tercer lugar, va el dirigente social Pedro Guzm\u00e1n y el cuarto, Elia Fern\u00e1ndez. La diputada por Or\u00e1n, Jorgelina \u201cKoky\u201d Ju\u00e1rez, va como candidata al Parlasur.<\/p>\n\n\n\n<p>La boleta de Uni\u00f3n por la Felicidad de Salta, promovida por el dirigente Mauro Sabbadini, estar\u00e1 encabezada por Mar\u00eda Morales Miy; en segundo lugar, estar\u00e1 el dirigente del Movimiento Evita, Oscar Vila, y en tercero, Fernanda Ramos. Para el Parlasur se postula aqu\u00ed Gabriel Arias.<\/p>\n\n\n\n<p>\u201cNo fuimos escuchados\u201d<\/p>\n\n\n\n<p>\u00bfPor qu\u00e9 no hubo lista unidad? Ante la consulta, Villa respondi\u00f3 a este diario que no hubo acuerdo porque el oficialismo provincial quer\u00eda imponer los dos primeros cargos en la boleta salte\u00f1a de Uni\u00f3n por la Patria sin ning\u00fan consenso.<\/p>\n\n\n\n<p>\u201cQuien conduce ese frente, el gobernador S\u00e1enz, puso los dos primeros t\u00e9rminos en la lista y luego reci\u00e9n all\u00ed quer\u00eda charlar con los dem\u00e1s partidos, consensuar sin mover esos dos lugares y no lo aceptamos. Cre\u00edamos que s\u00ed se movieron a nivel nacional los candidatos porque no se pueden mover en la provincia\u201d, dijo el ahora precandidato a diputado nacional.<\/p>\n\n\n\n<p>\u201cNo fuimos escuchados, que no quiere decir que no hemos hablado. Tambi\u00e9n ve\u00edamos el trabajo como se ven\u00edan moviendo dentro no solamente de nuestro frente, sino que tambi\u00e9n pusieron nombres de su Gobierno a competir en Juntos por el Cambio, como es Alberto Castillo, por ejemplo\u201d, se\u00f1al\u00f3 Villa.<\/p>\n\n\n\n<p>\u201cSab\u00edamos (por S\u00e1enz) que iba a jugar as\u00ed de esa manera, poniendo hombres y mujeres del Gobierno en una lista y tambi\u00e9n hombres de su Gobierno en el otro frente. Entonces en esa circunstancia no podemos nosotros tratar de ir a ser unidad\u201d, insisti\u00f3 el oriundo de Rivadavia.<\/p>\n","protected":false},"excerpt":{"rendered":"<p>El pr\u00f3ximo 13 de agosto, los salte\u00f1os deber\u00e1n elegir, adem\u00e1s de los candidatos a presidente y vice, quienes ser\u00e1n los aspirantes que buscar\u00e1n una de las cuatro bancas que se renuevan en la C\u00e1mara baja que deja L\u00eda Caliva, Lucas Godoy, Virginia Cornejo y Miguel Nanni que terminan sus mandatos. En las pr\u00f3ximas PASO competir\u00e1n [&hellip;]<\/p>\n","protected":false},"author":2,"featured_media":60053,"comment_status":"open","ping_status":"open","sticky":false,"template":"","format":"standard","meta":{"tdm_status":"","tdm_grid_status":"","_joinchat":[],"footnotes":""},"categories":[59],"tags":[],"class_list":{"0":"post-60052","1":"post","2":"type-post","3":"status-publish","4":"format-standard","5":"has-post-thumbnail","7":"category-politica"},"amp_enabled":true,"_links":{"self":[{"href":"https:\/\/www.todoeldia.com\/index.php\/wp-json\/wp\/v2\/posts\/60052","targetHints":{"allow":["GET"]}}],"collection":[{"href":"https:\/\/www.todoeldia.com\/index.php\/wp-json\/wp\/v2\/posts"}],"about":[{"href":"https:\/\/www.todoeldia.com\/index.php\/wp-json\/wp\/v2\/types\/post"}],"author":[{"embeddable":true,"href":"https:\/\/www.todoeldia.com\/index.php\/wp-json\/wp\/v2\/users\/2"}],"replies":[{"embeddable":true,"href":"https:\/\/www.todoeldia.com\/index.php\/wp-json\/wp\/v2\/comments?post=60052"}],"version-history":[{"count":2,"href":"https:\/\/www.todoeldia.com\/index.php\/wp-json\/wp\/v2\/posts\/60052\/revisions"}],"predecessor-version":[{"id":60057,"href":"https:\/\/www.todoeldia.com\/index.php\/wp-json\/wp\/v2\/posts\/60052\/revisions\/60057"}],"wp:featuredmedia":[{"embeddable":true,"href":"https:\/\/www.todoeldia.com\/index.php\/wp-json\/wp\/v2\/media\/60053"}],"wp:attachment":[{"href":"https:\/\/www.todoeldia.com\/index.php\/wp-json\/wp\/v2\/media?parent=60052"}],"wp:term":[{"taxonomy":"category","embeddable":true,"href":"https:\/\/www.todoeldia.com\/index.php\/wp-json\/wp\/v2\/categories?post=60052"},{"taxonomy":"post_tag","embeddable":true,"href":"https:\/\/www.todoeldia.com\/index.php\/wp-json\/wp\/v2\/tags?post=60052"}],"curies":[{"name":"wp","href":"https:\/\/api.w.org\/{rel}","templated":true}]}}