{"id":60058,"date":"2023-06-25T17:52:31","date_gmt":"2023-06-25T20:52:31","guid":{"rendered":"https:\/\/www.todoeldia.com\/?p=60058"},"modified":"2023-06-26T10:12:12","modified_gmt":"2023-06-26T13:12:12","slug":"ya-fue-por-ernesto-tenembaum","status":"publish","type":"post","link":"https:\/\/www.todoeldia.com\/index.php\/2023\/06\/25\/ya-fue-por-ernesto-tenembaum\/","title":{"rendered":"\u00bfYa fue? \u00a0Por Ernesto Tenembaum"},"content":{"rendered":"\n<p>Si Sergio Massa consigue la presidencia, \u00bfestar\u00e1 CFK dispuesta a tolerar que otro -que no lleva su apellido- ocupe la Casa Rosada, con sus ideas, que no siempre ser\u00e1n las de ella y que muchas veces ser\u00e1n exactamente las opuestas? \u00bfO volveremos a las andadas y el nuevo mandatario sufrir\u00e1 lo que sufri\u00f3 Fern\u00e1ndez?<\/p>\n\n\n\n<figure class=\"wp-block-image size-full is-resized\"><img loading=\"lazy\" decoding=\"async\" src=\"https:\/\/www.todoeldia.com\/wp-content\/uploads\/2023\/06\/image-218.png\" alt=\"\" class=\"wp-image-60060\" width=\"1034\" height=\"610\"\/><\/figure>\n\n\n\n<p>-Si Cristina te lo pide, \u00bfser\u00edas candidato a gobernador de la provincia de Buenos Aires?<\/p>\n\n\n\n<p>-S\u00ed.<\/p>\n\n\n\n<p>-Si Cristina te lo pide, \u00bfser\u00edas candidato a senador por la provincia de Buenos Aires?<\/p>\n\n\n\n<p>-S\u00ed.<\/p>\n\n\n\n<p>-Si Cristina te lo pide, \u00bfencabezar\u00edas la lista de diputados nacionales?<\/p>\n\n\n\n<p>-S\u00ed.<\/p>\n\n\n\n<p>-\u00bfQu\u00e9 no har\u00edas si te lo pide Cristina?<\/p>\n\n\n\n<p>-Muchas cosas. Pero en lo que tiene que ver con estrategia pol\u00edtica es la dirigente de la Argentina con m\u00e1s claridad, con m\u00e1s capacidad, con m\u00e1s inteligencia, con m\u00e1s experiencia. Y como hago pol\u00edtica por la misma gente que ella quiere defender, proteger y cuidar, voy a hacer lo que la compa\u00f1era Cristina diga.<\/p>\n\n\n\n<p>A lo largo del siglo XX, muchos pensadores intentaron comprender la relaci\u00f3n que se establece entre un l\u00edder y sus seguidores, cuando estos se predisponen a cumplir cualquier orden que provenga del primero, porque le atribuyen cierta infalibilidad, porque los l\u00edderes le dan sentido a sus vida, o porque los perciben como dioses. Inquieto por ese tipo de conductas, que en la primera mitad del siglo XX sacud\u00edan al mundo, Sigmund Freud escribi\u00f3, por ejemplo, Psicolog\u00eda de las Masas y An\u00e1lisis del Yo. El mundo psicoanal\u00edtico valor\u00f3 de ese texto, especialmente, un par de p\u00e1ginas dedicadas a explicar el mecanismo de la Identificaci\u00f3n \u2013el famoso cap\u00edtulo 7. Quien lo lea con una mirada m\u00e1s social o pol\u00edtica, tal vez destaque la comparaci\u00f3n que hace el autor entre el comportamiento de aquellas masas y el funcionamiento de instituciones cerradas y verticalistas como el Ej\u00e9rcito o la Iglesia. Un soldado o un cura, como se sabe, deben estar dispuestos a cumplir cualquier orden, m\u00e1s all\u00e1 de sus propias convicciones, que no importan. En eso radica su virtud.<\/p>\n\n\n\n<p>El di\u00e1logo con que arranca esta nota fue parte del mini reportaje que Diego Iglesias le hizo al ministro Eduardo \u201cWado\u201d de Pedro unos d\u00edas antes del ascenso y ca\u00edda de su candidatura presidencial, y que fue publicado en Infobae. De Pedro se manifiesta all\u00ed dispuesto a cumplir cualquier orden de la Jefa. Antes, Axel Kicillof dijo lo mismo: en \u00faltima instancia har\u00eda lo que dijera Kirchner. Los cantitos de La C\u00e1mpora, donde sus militantes se enorgullecen de ser \u201csoldados del Ping\u00fcino\u201d forman parte de ese repertorio. Tambi\u00e9n las notas callejeras donde los militantes explican: \u201cSi es Massa, lo vamos a militar porque lo eligi\u00f3 Cristina. Como militamos a Alberto, porque lo eligi\u00f3 Cristina. Si ella elige a alguien, es por algo\u201d.<\/p>\n\n\n\n<p>Ese tipo de relaci\u00f3n donde una persona somete su voluntad permite que ocurran episodios como el de estos d\u00edas. La Jefa impulsa la candidatura de un soldado, lo manda al frente, le ordena que la oficialice a una hora determinada y en determinados t\u00e9rminos y, luego, cuando la situaci\u00f3n lo requiere, sacrifica a ese soldado al que hab\u00eda expuesto. En otro tipo de relaciones humanas, eso no ser\u00eda admisible: es demasiado cruel. En este caso, tiene l\u00f3gica: un soldado se debe sacrificar por lealtad a la \u201ccausa\u201d que encarna en otra persona. Nadie tiene derecho a quejarse de lo que pas\u00f3. Entre gente grande, cada uno es libre de someterse, o no, a ciertas reglas.<\/p>\n\n\n\n<p>Lo que parece claro, a estas alturas, es que a la hora de promover personas o candidatos, Cristina Kirchner nunca elige a los soldados del ping\u00fcino, y eso que ya est\u00e1n bien grandes. En 2015, cuando no pod\u00eda ser reelecta, impuls\u00f3 a Daniel Scioli, el m\u00e1s lejano y sospechoso de los pol\u00edticos oficialistas. En 2019, entre tantas opciones, ungi\u00f3 a Alberto Fern\u00e1ndez, a quien poco tiempo atr\u00e1s consideraba un traidor. Y ahora, a Sergio Massa, quien prometi\u00f3 meterla presa y barrer con los \u00f1oquis de la C\u00e1mpora. Es un desplante tremendo a los militantes que coreaban \u201cno pasa nada, si todos los traidores se van con Massa\u201d, como record\u00f3 el viernes el \u00e1cido Luis D\u00b4El\u00eda. Probablemente este fin de semana sientan dolor, perplejidad, pero luego dir\u00e1n: hay que ser org\u00e1nicos, lo decidi\u00f3 la Jefa, ella sabe. \u201cEn lo que tiene que ver con estrategia pol\u00edtica es la dirigente de la Argentina con m\u00e1s claridad, con m\u00e1s capacidad, con m\u00e1s inteligencia, con m\u00e1s experiencia\u201d. \u00bfY ella? \u00bfSentir\u00e1 algo frente al sacrificio que les impone a sus soldados, especialmente a un hijo de la generaci\u00f3n diezmada? \u00bfO es, simplemente, un general fr\u00edo, sin coraz\u00f3n, que dispone el sacrificio y luego sigue su vida como si tal cosa?<\/p>\n\n\n\n<p>En cualquier caso, cae de caj\u00f3n la pregunta sobre por qu\u00e9 hizo lo que hizo, como muchas veces ha ocurrido con las decisiones de la l\u00edder m\u00e1s importante que ha tenido la democracia argentina. No todas las preguntas tienen respuestas: \u00e9sta menos que menos. Hay que meterse en los pliegues del cerebro de otra persona para contestarla. Pavada de persona y de cerebro, adem\u00e1s. Sin embargo, especular sobre eso permite pensar algunas cuestiones relevantes.<\/p>\n\n\n\n<p>Como en 2019, hay una decisi\u00f3n anterior a la de impulsar a Fern\u00e1ndez o a Massa: la de no postularse ella. Algunas personas creen que no lo ha hecho entonces, ni ahora, porque no da m\u00e1s, porque yo ya dio \u201ctodo lo que ten\u00eda que dar\u201d. O porque la enfermedad de su hija y la dedicaci\u00f3n a su nieta se lo impiden. O porque cree que tiene un riesgo enorme de perder, y no quiere terminar su carrera as\u00ed, derrotada. O porque cree que, alguien con sus ideas, no podr\u00eda gobernar. Todas esas variantes reconocen una limitaci\u00f3n: falta de ganas, otras prioridades, imposibilidad de ganar, dificultades serias de gobernar. Hay algo, lo que sea, de lo que carece Cristina que le impide postularse. Y ya son muchas veces que decide eso. Esas retiradas, por m\u00e1s estrat\u00e9gicas que sean, tienen un costo en t\u00e9rminos de poder. Nunca el costo fue tan alto: regal\u00f3 los dos componentes de la f\u00f3rmula presidencial. Hay motivos para preguntarse si no estamos, entonces, antes una despedida hist\u00f3rica.<\/p>\n\n\n\n<p>Pero ese vac\u00edo es llenado, entonces y ahora, por personas que repiten un patr\u00f3n muy claro. Alberto Fern\u00e1ndez fue jefe de Gabinete de Cristina Kirchner, luego la enfrent\u00f3 de manera despiadada y finalmente fue elegido candidato a presidente por ella: \u00a1es exactamente el mismo recorrido, punto por punto, que el de Sergio Massa! Primero jefe de gabinete, luego opositor ac\u00e9rrimo, finalmente candidato a presidente. En 2013, cuando Massa derrot\u00f3 al kirchnerismo, su jefe de campa\u00f1a era Alberto Fern\u00e1ndez. Una y otra vez, CFK premia a los supuestos traidores.<\/p>\n\n\n\n<p>Desde 2008, el peronismo se dividi\u00f3 en dos sectores que pensaban distinto casi sobre todo: sobre Estados Unidos, Clar\u00edn, el sector agropecuario, la Justicia, los empresarios, el combate a la inflaci\u00f3n. La l\u00edder de uno de esos sectores era Cristina. Los referentes del otro, eran Sergio Massa y Alberto Fern\u00e1ndez. Massa siempre fue m\u00e1s claro que Fern\u00e1ndez: est\u00e1 documentado que despotricaba contra N\u00e9stor y Cristina, y que hace poco, al asumir como ministro, explic\u00f3 que tiene debilidad por los Estados Unidos. Adem\u00e1s, los socios empresarios de Massa, los que brindan en estas horas, son harto conocidos. Pero, entre ambos, Massa y Fern\u00e1ndez, compusieron la f\u00f3rmula presidencial. Cristina qued\u00f3 afuera.<\/p>\n\n\n\n<p>Sobre lo ocurrido solo se pueden enhebrar teor\u00edas, todas interesadas. La m\u00e1s benigna es que, de repente, Cristina se volvi\u00f3 magn\u00e1nima y desprendida. La m\u00e1s oscura es que cedi\u00f3 ante un apriete fenomenal de Massa, que la emplaz\u00f3 a voltear a De Pedro porque de lo contrario hac\u00eda estallar la econom\u00eda con su renuncia. En alg\u00fan momento se debe haber sentido muy arrinconada, o sola, como para entregar tanto. Tal vez haya adem\u00e1s, de parte de ella, algo de respeto hacia quienes la enfrentan. Se las hace parir pero, al final del camino, les reconoce cierta jerarqu\u00eda, y por eso los elige. Al fin y al cabo, N\u00e9stor Kirchner, y ella misma, llegaron por rebeldes. En alg\u00fan lugar, cabr\u00eda preguntarse si Cristina valora m\u00e1s a los enemigos que a los soldados.<\/p>\n\n\n\n<p>Pero lo m\u00e1s importante, para el futuro del pa\u00eds, es c\u00f3mo funcionar\u00e1 el nuevo sistema ante la eventualidad de que Massa consiga el sue\u00f1o de su vida. En 2019, eso ocurri\u00f3 con Fern\u00e1ndez. Cristina no hab\u00eda digerido su decisi\u00f3n de postularlo. Desde el primer d\u00eda puso en marcha un operativo desgaste que termin\u00f3 destruyendo a su creaci\u00f3n. El segundo episodio de esa saga se ver\u00e1 en pocos meses: \u00bfest\u00e1 dispuesta a tolerar que otro -que no se apellida Kirchner- ocupe la Casa Rosada, con sus ideas, que no siempre ser\u00e1n las de ella y que muchas veces ser\u00e1n exactamente las opuestas? \u00bfO volveremos a las andadas y Massa sufrir\u00e1 lo que sufri\u00f3 Fern\u00e1ndez? Quienes suponen que conocen a los personajes, sostienen que Massa ejerce el poder mejor que Fern\u00e1ndez, que tiene m\u00e1s car\u00e1cter, que es tan cruel como ella, que Cristina no tiene el espacio para repetir los mismos desplantes, que ella est\u00e1 fuera del esquema institucional, que \u00e9l la tirar\u00e1 por la ventana al primer desplante. En fin: que ya fue.<\/p>\n\n\n\n<p>Ah, \u00bfsi? Veremos.<\/p>\n\n\n\n<p>Por lo pronto, Cristina acaba de postular como candidato a presidente al m\u00e1s pragm\u00e1tico de los candidatos a presidentes del peronismo.<\/p>\n\n\n\n<p>Todav\u00eda no hemos visto lo mejor.<\/p>\n","protected":false},"excerpt":{"rendered":"<p>Si Sergio Massa consigue la presidencia, \u00bfestar\u00e1 CFK dispuesta a tolerar que otro -que no lleva su apellido- ocupe la Casa Rosada, con sus ideas, que no siempre ser\u00e1n las de ella y que muchas veces ser\u00e1n exactamente las opuestas? \u00bfO volveremos a las andadas y el nuevo mandatario sufrir\u00e1 lo que sufri\u00f3 Fern\u00e1ndez? -Si [&hellip;]<\/p>\n","protected":false},"author":2,"featured_media":60059,"comment_status":"open","ping_status":"open","sticky":false,"template":"","format":"standard","meta":{"tdm_status":"","tdm_grid_status":"","_joinchat":[],"footnotes":""},"categories":[71],"tags":[],"class_list":{"0":"post-60058","1":"post","2":"type-post","3":"status-publish","4":"format-standard","5":"has-post-thumbnail","7":"category-columnistas"},"amp_enabled":true,"_links":{"self":[{"href":"https:\/\/www.todoeldia.com\/index.php\/wp-json\/wp\/v2\/posts\/60058","targetHints":{"allow":["GET"]}}],"collection":[{"href":"https:\/\/www.todoeldia.com\/index.php\/wp-json\/wp\/v2\/posts"}],"about":[{"href":"https:\/\/www.todoeldia.com\/index.php\/wp-json\/wp\/v2\/types\/post"}],"author":[{"embeddable":true,"href":"https:\/\/www.todoeldia.com\/index.php\/wp-json\/wp\/v2\/users\/2"}],"replies":[{"embeddable":true,"href":"https:\/\/www.todoeldia.com\/index.php\/wp-json\/wp\/v2\/comments?post=60058"}],"version-history":[{"count":1,"href":"https:\/\/www.todoeldia.com\/index.php\/wp-json\/wp\/v2\/posts\/60058\/revisions"}],"predecessor-version":[{"id":60061,"href":"https:\/\/www.todoeldia.com\/index.php\/wp-json\/wp\/v2\/posts\/60058\/revisions\/60061"}],"wp:featuredmedia":[{"embeddable":true,"href":"https:\/\/www.todoeldia.com\/index.php\/wp-json\/wp\/v2\/media\/60059"}],"wp:attachment":[{"href":"https:\/\/www.todoeldia.com\/index.php\/wp-json\/wp\/v2\/media?parent=60058"}],"wp:term":[{"taxonomy":"category","embeddable":true,"href":"https:\/\/www.todoeldia.com\/index.php\/wp-json\/wp\/v2\/categories?post=60058"},{"taxonomy":"post_tag","embeddable":true,"href":"https:\/\/www.todoeldia.com\/index.php\/wp-json\/wp\/v2\/tags?post=60058"}],"curies":[{"name":"wp","href":"https:\/\/api.w.org\/{rel}","templated":true}]}}