{"id":60079,"date":"2023-06-26T13:00:07","date_gmt":"2023-06-26T16:00:07","guid":{"rendered":"https:\/\/www.todoeldia.com\/?p=60079"},"modified":"2023-06-26T13:00:10","modified_gmt":"2023-06-26T16:00:10","slug":"va-a-juicio-el-conductor-alcoholizado-que-embistio-y-mato-a-un-hombre-en-san-agustin","status":"publish","type":"post","link":"https:\/\/www.todoeldia.com\/index.php\/2023\/06\/26\/va-a-juicio-el-conductor-alcoholizado-que-embistio-y-mato-a-un-hombre-en-san-agustin\/","title":{"rendered":"Va a juicio el conductor alcoholizado que embisti\u00f3 y mato a un hombre en San Agust\u00edn"},"content":{"rendered":"\n<p>El hecho ocurri\u00f3 el pasado mes de marzo sobre ruta provincial 21, cuando un hombre de 63 a\u00f1os perdi\u00f3 la vida tras ser embestido por un autom\u00f3vil, cuyo conductor se encontraba alcoholizado.<\/p>\n\n\n\n<p>El fiscal penal 1 de la Unidad de Graves Atentados contra las Personas, Leandro Flores, requiri\u00f3 juicio ante el Juzgado de Garant\u00edas 5 del distrito Centro, para Mat\u00edas Manuel \u00c1ngel Zerrudu como autor del delito de homicidio culposo por la conducci\u00f3n imprudente, negligente o antirreglamentaria de un veh\u00edculo con motor calificado por conducir con un nivel de alcoholemia superior a un gramo por litro de sangre al momento del hecho en perjuicio de un hombre de 63 a\u00f1os.<\/p>\n\n\n\n<p>El hecho investigado ocurri\u00f3 el pasado s\u00e1bado 18 de marzo sobre ruta provincial 21, a la altura de la localidad de San Agust\u00edn, cuando un hombre de 63 a\u00f1os, quien se desplazaba peatonalmente hacia su lugar de trabajo, fue embestido por un autom\u00f3vil. El acusado, conduc\u00eda con un nivel de alcoholemia superior a 1 gramo por litro de sangre al momento del hecho.<\/p>\n\n\n\n<p>En el requerimiento, el fiscal Flores expone las medidas probatorias producidas durante la investigaci\u00f3n y que constituyen los elementos de convicci\u00f3n necesarios para solicitar que la causa sea elevada a juicio.<\/p>\n","protected":false},"excerpt":{"rendered":"<p>El hecho ocurri\u00f3 el pasado mes de marzo sobre ruta provincial 21, cuando un hombre de 63 a\u00f1os perdi\u00f3 la vida tras ser embestido por un autom\u00f3vil, cuyo conductor se encontraba alcoholizado. El fiscal penal 1 de la Unidad de Graves Atentados contra las Personas, Leandro Flores, requiri\u00f3 juicio ante el Juzgado de Garant\u00edas 5 [&hellip;]<\/p>\n","protected":false},"author":2,"featured_media":10475,"comment_status":"open","ping_status":"open","sticky":false,"template":"","format":"standard","meta":{"tdm_status":"","tdm_grid_status":"","_joinchat":[],"footnotes":""},"categories":[63],"tags":[],"class_list":{"0":"post-60079","1":"post","2":"type-post","3":"status-publish","4":"format-standard","5":"has-post-thumbnail","7":"category-policiales"},"amp_enabled":true,"_links":{"self":[{"href":"https:\/\/www.todoeldia.com\/index.php\/wp-json\/wp\/v2\/posts\/60079","targetHints":{"allow":["GET"]}}],"collection":[{"href":"https:\/\/www.todoeldia.com\/index.php\/wp-json\/wp\/v2\/posts"}],"about":[{"href":"https:\/\/www.todoeldia.com\/index.php\/wp-json\/wp\/v2\/types\/post"}],"author":[{"embeddable":true,"href":"https:\/\/www.todoeldia.com\/index.php\/wp-json\/wp\/v2\/users\/2"}],"replies":[{"embeddable":true,"href":"https:\/\/www.todoeldia.com\/index.php\/wp-json\/wp\/v2\/comments?post=60079"}],"version-history":[{"count":1,"href":"https:\/\/www.todoeldia.com\/index.php\/wp-json\/wp\/v2\/posts\/60079\/revisions"}],"predecessor-version":[{"id":60080,"href":"https:\/\/www.todoeldia.com\/index.php\/wp-json\/wp\/v2\/posts\/60079\/revisions\/60080"}],"wp:featuredmedia":[{"embeddable":true,"href":"https:\/\/www.todoeldia.com\/index.php\/wp-json\/wp\/v2\/media\/10475"}],"wp:attachment":[{"href":"https:\/\/www.todoeldia.com\/index.php\/wp-json\/wp\/v2\/media?parent=60079"}],"wp:term":[{"taxonomy":"category","embeddable":true,"href":"https:\/\/www.todoeldia.com\/index.php\/wp-json\/wp\/v2\/categories?post=60079"},{"taxonomy":"post_tag","embeddable":true,"href":"https:\/\/www.todoeldia.com\/index.php\/wp-json\/wp\/v2\/tags?post=60079"}],"curies":[{"name":"wp","href":"https:\/\/api.w.org\/{rel}","templated":true}]}}