{"id":60081,"date":"2023-06-26T13:04:18","date_gmt":"2023-06-26T16:04:18","guid":{"rendered":"https:\/\/www.todoeldia.com\/?p=60081"},"modified":"2023-06-26T13:04:20","modified_gmt":"2023-06-26T16:04:20","slug":"en-su-primer-acto-como-candidato-sergio-massa-se-mostrara-junto-a-cristina-kirchner-y-wado-de-pedro","status":"publish","type":"post","link":"https:\/\/www.todoeldia.com\/index.php\/2023\/06\/26\/en-su-primer-acto-como-candidato-sergio-massa-se-mostrara-junto-a-cristina-kirchner-y-wado-de-pedro\/","title":{"rendered":"En su primer acto como candidato, Sergio Massa se mostrar\u00e1 junto a Cristina Kirchner y Wado de Pedro"},"content":{"rendered":"\n<p>La Vicepresidenta y los ministros de Econom\u00eda e Interior estar\u00e1n juntos en una ceremonia en Aeroparque, por la recuperaci\u00f3n del avi\u00f3n Skyvan PA-51 que la \u00faltima dictadura militar utiliz\u00f3 en los denominados \u201cvuelos de la muerte\u201d.<\/p>\n\n\n\n<p>A partir de las planillas de vuelo, se comprob\u00f3 que este avi\u00f3n fue utilizado el 14 de diciembre de 1977 para arrojar al mar a las v\u00edctimas de la Iglesia de la Santa Cruz, entre quienes estaban Azucena Villaflor, Esther Ballestrino de Careaga y Mar\u00eda Eugenia Ponce de Bianco, integrantes de Madres de Plaza de Mayo, y las monjas francesas Alice Domon y Leonie Duquet.<\/p>\n\n\n\n<p>Dos d\u00edas despu\u00e9s del cierre de listas para las elecciones presidenciales, la vicepresidenta Cristina Kirchner y el ministro de Econom\u00eda, Sergio Massa, compartir\u00e1n esta tarde el acto de recuperaci\u00f3n del avi\u00f3n Skyvan PA-51 que la \u00faltima dictadura militar utiliz\u00f3 en los denominados \u201cvuelos de la muerte\u201d. Ser\u00e1 en el sector militar del Aeroparque Metropolitano junto a familiares de detenidos desaparecidos. Tambi\u00e9n estar\u00e1 el ministro del Interior, Eduardo Wado de Pedro, quien hasta \u00faltimo momento fue uno de los posibles postulantes del oficialismo.<\/p>\n\n\n\n<p>La actividad la anunci\u00f3 la Vicepresidenta a trav\u00e9s de su cuenta en Twitter y es organizada por la Subsecretar\u00eda de Derechos Humanos del ministerio de Justicia, que est\u00e1 a cargo de Horacio Pietragalla Corti. Oficiar\u00e1 como el primer acto de campa\u00f1a de Massa, quien el s\u00e1bado fue confirmado para encabezar las listas de Uni\u00f3n por la Patria en las Primarias que se efectuar\u00e1n el 13 de agosto.<\/p>\n\n\n\n<p>El titular del Palacio de Hacienda fue un activo part\u00edcipe en la repatriaci\u00f3n de la aeronave desde la que en un vuelo del 14 de diciembre de 1977 arrojaron viva al R\u00edo de la Plata a la fundadora de Madres de Plaza de Mayo Azucena Villaflor y a otras once personas, entre ellas las monjas francesas Leonie Duquet y Alice Domon. El 1 de junio, el ministro hab\u00eda anunciado que empezaba el proceso de repatriaci\u00f3n mientras estaba de viaje por China.<\/p>\n","protected":false},"excerpt":{"rendered":"<p>La Vicepresidenta y los ministros de Econom\u00eda e Interior estar\u00e1n juntos en una ceremonia en Aeroparque, por la recuperaci\u00f3n del avi\u00f3n Skyvan PA-51 que la \u00faltima dictadura militar utiliz\u00f3 en los denominados \u201cvuelos de la muerte\u201d. A partir de las planillas de vuelo, se comprob\u00f3 que este avi\u00f3n fue utilizado el 14 de diciembre de [&hellip;]<\/p>\n","protected":false},"author":2,"featured_media":60082,"comment_status":"open","ping_status":"open","sticky":false,"template":"","format":"standard","meta":{"tdm_status":"","tdm_grid_status":"","_joinchat":[],"footnotes":""},"categories":[59],"tags":[],"class_list":{"0":"post-60081","1":"post","2":"type-post","3":"status-publish","4":"format-standard","5":"has-post-thumbnail","7":"category-politica"},"amp_enabled":true,"_links":{"self":[{"href":"https:\/\/www.todoeldia.com\/index.php\/wp-json\/wp\/v2\/posts\/60081","targetHints":{"allow":["GET"]}}],"collection":[{"href":"https:\/\/www.todoeldia.com\/index.php\/wp-json\/wp\/v2\/posts"}],"about":[{"href":"https:\/\/www.todoeldia.com\/index.php\/wp-json\/wp\/v2\/types\/post"}],"author":[{"embeddable":true,"href":"https:\/\/www.todoeldia.com\/index.php\/wp-json\/wp\/v2\/users\/2"}],"replies":[{"embeddable":true,"href":"https:\/\/www.todoeldia.com\/index.php\/wp-json\/wp\/v2\/comments?post=60081"}],"version-history":[{"count":1,"href":"https:\/\/www.todoeldia.com\/index.php\/wp-json\/wp\/v2\/posts\/60081\/revisions"}],"predecessor-version":[{"id":60083,"href":"https:\/\/www.todoeldia.com\/index.php\/wp-json\/wp\/v2\/posts\/60081\/revisions\/60083"}],"wp:featuredmedia":[{"embeddable":true,"href":"https:\/\/www.todoeldia.com\/index.php\/wp-json\/wp\/v2\/media\/60082"}],"wp:attachment":[{"href":"https:\/\/www.todoeldia.com\/index.php\/wp-json\/wp\/v2\/media?parent=60081"}],"wp:term":[{"taxonomy":"category","embeddable":true,"href":"https:\/\/www.todoeldia.com\/index.php\/wp-json\/wp\/v2\/categories?post=60081"},{"taxonomy":"post_tag","embeddable":true,"href":"https:\/\/www.todoeldia.com\/index.php\/wp-json\/wp\/v2\/tags?post=60081"}],"curies":[{"name":"wp","href":"https:\/\/api.w.org\/{rel}","templated":true}]}}