{"id":60087,"date":"2023-06-26T13:21:14","date_gmt":"2023-06-26T16:21:14","guid":{"rendered":"https:\/\/www.todoeldia.com\/?p=60087"},"modified":"2023-06-26T13:21:16","modified_gmt":"2023-06-26T16:21:16","slug":"sorprenden-a-un-hombre-en-quebrachal-transportando-20-bagres-y-1-dorado","status":"publish","type":"post","link":"https:\/\/www.todoeldia.com\/index.php\/2023\/06\/26\/sorprenden-a-un-hombre-en-quebrachal-transportando-20-bagres-y-1-dorado\/","title":{"rendered":"Sorprenden a un hombre en Quebrachal transportando 20 bagres y 1 dorado"},"content":{"rendered":"\n<p>En la jornada de ayer como parte del trabajo preventivo que lleva adelante los efectivos de la Divisi\u00f3n Polic\u00eda Rural y Ambiental en el cuidado y preservaci\u00f3n del ecosistema en todo el territorio provincial, infraccionaron a un hombre e incautaron 20 piezas especies bagre en El Quebrachal.<\/p>\n\n\n\n<p>El operativo se concret\u00f3 alrededor de las 22:30 en la Ruta Nacional N\u00b0 16 km 520 de la localidad de El Quebrachal, en un camino conocido como Consorcio, los uniformados fiscalizaron una camioneta conducida por un hombre de 39 a\u00f1os.<\/p>\n\n\n\n<p>Durante el control los uniformados constataron que el hombre transportaba varias piezas ict\u00edcolas de la especie bagre y un dorado, al solicitarle el carnet habilitante para la actividad de pesca, el ciudadano no contaba con la documentaci\u00f3n, por lo que se dio intervenci\u00f3n a la Unidad Fiscal Contravencional de la zona.<\/p>\n\n\n\n<p>El hombre fue infraccionado por atentar contra el ecosistema la extracci\u00f3n de especies protegidas y con elementos no autorizados. Procedi\u00e9ndose al secuestro de 20 bagres y un dorado.<\/p>\n","protected":false},"excerpt":{"rendered":"<p>En la jornada de ayer como parte del trabajo preventivo que lleva adelante los efectivos de la Divisi\u00f3n Polic\u00eda Rural y Ambiental en el cuidado y preservaci\u00f3n del ecosistema en todo el territorio provincial, infraccionaron a un hombre e incautaron 20 piezas especies bagre en El Quebrachal. El operativo se concret\u00f3 alrededor de las 22:30 [&hellip;]<\/p>\n","protected":false},"author":2,"featured_media":60088,"comment_status":"open","ping_status":"open","sticky":false,"template":"","format":"standard","meta":{"tdm_status":"","tdm_grid_status":"","_joinchat":[],"footnotes":""},"categories":[63],"tags":[],"class_list":{"0":"post-60087","1":"post","2":"type-post","3":"status-publish","4":"format-standard","5":"has-post-thumbnail","7":"category-policiales"},"amp_enabled":true,"_links":{"self":[{"href":"https:\/\/www.todoeldia.com\/index.php\/wp-json\/wp\/v2\/posts\/60087","targetHints":{"allow":["GET"]}}],"collection":[{"href":"https:\/\/www.todoeldia.com\/index.php\/wp-json\/wp\/v2\/posts"}],"about":[{"href":"https:\/\/www.todoeldia.com\/index.php\/wp-json\/wp\/v2\/types\/post"}],"author":[{"embeddable":true,"href":"https:\/\/www.todoeldia.com\/index.php\/wp-json\/wp\/v2\/users\/2"}],"replies":[{"embeddable":true,"href":"https:\/\/www.todoeldia.com\/index.php\/wp-json\/wp\/v2\/comments?post=60087"}],"version-history":[{"count":1,"href":"https:\/\/www.todoeldia.com\/index.php\/wp-json\/wp\/v2\/posts\/60087\/revisions"}],"predecessor-version":[{"id":60089,"href":"https:\/\/www.todoeldia.com\/index.php\/wp-json\/wp\/v2\/posts\/60087\/revisions\/60089"}],"wp:featuredmedia":[{"embeddable":true,"href":"https:\/\/www.todoeldia.com\/index.php\/wp-json\/wp\/v2\/media\/60088"}],"wp:attachment":[{"href":"https:\/\/www.todoeldia.com\/index.php\/wp-json\/wp\/v2\/media?parent=60087"}],"wp:term":[{"taxonomy":"category","embeddable":true,"href":"https:\/\/www.todoeldia.com\/index.php\/wp-json\/wp\/v2\/categories?post=60087"},{"taxonomy":"post_tag","embeddable":true,"href":"https:\/\/www.todoeldia.com\/index.php\/wp-json\/wp\/v2\/tags?post=60087"}],"curies":[{"name":"wp","href":"https:\/\/api.w.org\/{rel}","templated":true}]}}