{"id":60093,"date":"2023-06-26T13:39:43","date_gmt":"2023-06-26T16:39:43","guid":{"rendered":"https:\/\/www.todoeldia.com\/?p=60093"},"modified":"2023-06-26T13:44:27","modified_gmt":"2023-06-26T16:44:27","slug":"wanda-nara-estreno-una-microbikini-neon-multicolor-desde-rio-de-janeiro","status":"publish","type":"post","link":"https:\/\/www.todoeldia.com\/index.php\/2023\/06\/26\/wanda-nara-estreno-una-microbikini-neon-multicolor-desde-rio-de-janeiro\/","title":{"rendered":"Wanda Nara estren\u00f3 una microbikini ne\u00f3n multicolor desde R\u00edo de Janeiro"},"content":{"rendered":"\n<p>La empresaria viaj\u00f3 a Brasil y se hizo una selfie con un traje de ba\u00f1o de dos piezas en amarillo fosforescente.<\/p>\n\n\n\n<p>Wanda Nara decidi\u00f3 tomarse unas peque\u00f1as vacaciones junto a Mauro Icardi para despejarse y eligi\u00f3 R\u00edo de Janeiro como su destino ideal. Como siempre, aprovech\u00f3 la playa para marcar tendencia con su look de alto verano plagado de estilo.<\/p>\n\n\n\n<p>Desde la reposera, la empresaria se hizo una selfie con una microbikini ne\u00f3n de alto impacto que dej\u00f3 a sus casi 16 millones y medio de seguidores totalmente impactados.<\/p>\n\n\n\n<figure class=\"wp-block-image size-large is-resized\"><img loading=\"lazy\" decoding=\"async\" src=\"https:\/\/www.todoeldia.com\/wp-content\/uploads\/2023\/06\/image-219-819x1024.png\" alt=\"\" class=\"wp-image-60095\" width=\"1036\" height=\"1322\"\/><\/figure>\n\n\n\n<p>\u00bfLos detalles de la apuesta? Se trata de un traje de ba\u00f1o de dos piezas supercanchero con corpi\u00f1o estilo triangulito y bombacha colaless ultracavada de tiro alto. La dupla cuenta, adem\u00e1s, con detalles de ribetes en fucsia y lila megashocking.<\/p>\n\n\n\n<p>Con el mate en la mano y sin una sola gota de make up, la conductora despleg\u00f3 glamour y coleccion\u00f3 m\u00e1s de medio mill\u00f3n de \u201cMe gusta\u201d en el posteo.<\/p>\n\n\n\n<p>\u201cDonde me quiso mi suerte\u201d, escribi\u00f3 Wanda en el pie de foto de la publicaci\u00f3n y el futbolista le contest\u00f3: \u201cTu suerte soy YO\u201d.<\/p>\n","protected":false},"excerpt":{"rendered":"<p>La empresaria viaj\u00f3 a Brasil y se hizo una selfie con un traje de ba\u00f1o de dos piezas en amarillo fosforescente. Wanda Nara decidi\u00f3 tomarse unas peque\u00f1as vacaciones junto a Mauro Icardi para despejarse y eligi\u00f3 R\u00edo de Janeiro como su destino ideal. Como siempre, aprovech\u00f3 la playa para marcar tendencia con su look de [&hellip;]<\/p>\n","protected":false},"author":2,"featured_media":56217,"comment_status":"open","ping_status":"open","sticky":false,"template":"","format":"standard","meta":{"tdm_status":"","tdm_grid_status":"","_joinchat":[],"footnotes":""},"categories":[120],"tags":[],"class_list":{"0":"post-60093","1":"post","2":"type-post","3":"status-publish","4":"format-standard","5":"has-post-thumbnail","7":"category-espectaculos-2"},"amp_enabled":true,"_links":{"self":[{"href":"https:\/\/www.todoeldia.com\/index.php\/wp-json\/wp\/v2\/posts\/60093","targetHints":{"allow":["GET"]}}],"collection":[{"href":"https:\/\/www.todoeldia.com\/index.php\/wp-json\/wp\/v2\/posts"}],"about":[{"href":"https:\/\/www.todoeldia.com\/index.php\/wp-json\/wp\/v2\/types\/post"}],"author":[{"embeddable":true,"href":"https:\/\/www.todoeldia.com\/index.php\/wp-json\/wp\/v2\/users\/2"}],"replies":[{"embeddable":true,"href":"https:\/\/www.todoeldia.com\/index.php\/wp-json\/wp\/v2\/comments?post=60093"}],"version-history":[{"count":3,"href":"https:\/\/www.todoeldia.com\/index.php\/wp-json\/wp\/v2\/posts\/60093\/revisions"}],"predecessor-version":[{"id":60097,"href":"https:\/\/www.todoeldia.com\/index.php\/wp-json\/wp\/v2\/posts\/60093\/revisions\/60097"}],"wp:featuredmedia":[{"embeddable":true,"href":"https:\/\/www.todoeldia.com\/index.php\/wp-json\/wp\/v2\/media\/56217"}],"wp:attachment":[{"href":"https:\/\/www.todoeldia.com\/index.php\/wp-json\/wp\/v2\/media?parent=60093"}],"wp:term":[{"taxonomy":"category","embeddable":true,"href":"https:\/\/www.todoeldia.com\/index.php\/wp-json\/wp\/v2\/categories?post=60093"},{"taxonomy":"post_tag","embeddable":true,"href":"https:\/\/www.todoeldia.com\/index.php\/wp-json\/wp\/v2\/tags?post=60093"}],"curies":[{"name":"wp","href":"https:\/\/api.w.org\/{rel}","templated":true}]}}