{"id":60098,"date":"2023-06-26T13:47:28","date_gmt":"2023-06-26T16:47:28","guid":{"rendered":"https:\/\/www.todoeldia.com\/?p=60098"},"modified":"2023-06-26T14:11:21","modified_gmt":"2023-06-26T17:11:21","slug":"detuvieron-a-los-chorros-que-robaron-1-millon-de-pesos-en-una-distribuidora-en-oran","status":"publish","type":"post","link":"https:\/\/www.todoeldia.com\/index.php\/2023\/06\/26\/detuvieron-a-los-chorros-que-robaron-1-millon-de-pesos-en-una-distribuidora-en-oran\/","title":{"rendered":"Detuvieron a los chorros que robaron 1 mill\u00f3n de pesos en una distribuidora en Or\u00e1n"},"content":{"rendered":"\n<p>El hecho ocurri\u00f3 el pasado 18 de junio, cuando ingresaron al local y sustrajeron una suma cercana al mill\u00f3n de pesos. El an\u00e1lisis de c\u00e1maras de seguridad fue fundamental para individualizar a los sospechosos.<\/p>\n\n\n\n<p>La fiscal penal 1 de Or\u00e1n, Daniela Mur\u00faa, imput\u00f3 de forma provisional a dos hombres de 29 y 30 a\u00f1os como coautores del delito de robo agravado por circunstancias de hurto agravado.<\/p>\n\n\n\n<p>Uno de los acusados, asistido por defensa oficial prest\u00f3 declaraci\u00f3n, mientras que el otro, asistido por un defensor particular, se abstuvo de hacerlo. Desde la Fiscal\u00eda se solicit\u00f3 que ambos se mantengan detenidos.<\/p>\n\n\n\n<p>El hecho investigado ocurri\u00f3 el pasado 18 de junio en un comercio de esa ciudad, dedicado a la distribuci\u00f3n de bebidas, donde personas desconocidas ingresaron y sustrajeron una suma cercana al mill\u00f3n de pesos y una m\u00e1quina de contar billetes.<\/p>\n\n\n\n<p>De las tareas desplegadas por personal policial de la jurisdicci\u00f3n y de la Brigada de Investigaciones, se pudo identificar a los sospechosos a partir del an\u00e1lisis de c\u00e1maras de seguridad p\u00fablicas y privadas, relevamiento de testigos e inspecci\u00f3n ocular.<\/p>\n\n\n\n<p>Uno de los sospechosos se hab\u00eda desempe\u00f1ado laboralmente en la empresa y prestaba servicios eventuales actualmente.<\/p>\n\n\n\n<p>En los allanamientos realizados con autorizaci\u00f3n del Juzgado de Garant\u00edas 1 de ese distrito, se secuestr\u00f3 dinero, prendas de vestir y otros elementos de inter\u00e9s para la causa.<\/p>\n","protected":false},"excerpt":{"rendered":"<p>El hecho ocurri\u00f3 el pasado 18 de junio, cuando ingresaron al local y sustrajeron una suma cercana al mill\u00f3n de pesos. El an\u00e1lisis de c\u00e1maras de seguridad fue fundamental para individualizar a los sospechosos. La fiscal penal 1 de Or\u00e1n, Daniela Mur\u00faa, imput\u00f3 de forma provisional a dos hombres de 29 y 30 a\u00f1os como [&hellip;]<\/p>\n","protected":false},"author":2,"featured_media":33278,"comment_status":"open","ping_status":"open","sticky":false,"template":"","format":"standard","meta":{"tdm_status":"","tdm_grid_status":"","_joinchat":[],"footnotes":""},"categories":[63],"tags":[],"class_list":{"0":"post-60098","1":"post","2":"type-post","3":"status-publish","4":"format-standard","5":"has-post-thumbnail","7":"category-policiales"},"amp_enabled":true,"_links":{"self":[{"href":"https:\/\/www.todoeldia.com\/index.php\/wp-json\/wp\/v2\/posts\/60098","targetHints":{"allow":["GET"]}}],"collection":[{"href":"https:\/\/www.todoeldia.com\/index.php\/wp-json\/wp\/v2\/posts"}],"about":[{"href":"https:\/\/www.todoeldia.com\/index.php\/wp-json\/wp\/v2\/types\/post"}],"author":[{"embeddable":true,"href":"https:\/\/www.todoeldia.com\/index.php\/wp-json\/wp\/v2\/users\/2"}],"replies":[{"embeddable":true,"href":"https:\/\/www.todoeldia.com\/index.php\/wp-json\/wp\/v2\/comments?post=60098"}],"version-history":[{"count":1,"href":"https:\/\/www.todoeldia.com\/index.php\/wp-json\/wp\/v2\/posts\/60098\/revisions"}],"predecessor-version":[{"id":60099,"href":"https:\/\/www.todoeldia.com\/index.php\/wp-json\/wp\/v2\/posts\/60098\/revisions\/60099"}],"wp:featuredmedia":[{"embeddable":true,"href":"https:\/\/www.todoeldia.com\/index.php\/wp-json\/wp\/v2\/media\/33278"}],"wp:attachment":[{"href":"https:\/\/www.todoeldia.com\/index.php\/wp-json\/wp\/v2\/media?parent=60098"}],"wp:term":[{"taxonomy":"category","embeddable":true,"href":"https:\/\/www.todoeldia.com\/index.php\/wp-json\/wp\/v2\/categories?post=60098"},{"taxonomy":"post_tag","embeddable":true,"href":"https:\/\/www.todoeldia.com\/index.php\/wp-json\/wp\/v2\/tags?post=60098"}],"curies":[{"name":"wp","href":"https:\/\/api.w.org\/{rel}","templated":true}]}}