{"id":60100,"date":"2023-06-26T14:14:25","date_gmt":"2023-06-26T17:14:25","guid":{"rendered":"https:\/\/www.todoeldia.com\/?p=60100"},"modified":"2023-06-26T14:14:39","modified_gmt":"2023-06-26T17:14:39","slug":"dos-delincuentes-le-robaron-el-celular-a-un-joven-al-que-amenazaron-con-un-cuchillo","status":"publish","type":"post","link":"https:\/\/www.todoeldia.com\/index.php\/2023\/06\/26\/dos-delincuentes-le-robaron-el-celular-a-un-joven-al-que-amenazaron-con-un-cuchillo\/","title":{"rendered":"Dos delincuentes le robaron el celular a un joven al que amenazaron con un cuchillo"},"content":{"rendered":"\n<p>El hecho ocurri\u00f3 el pasado mi\u00e9rcoles en la zona de ruta provincial 26, donde un adolescente fue sorprendido por dos hombres que, usando un arma blanca, le robaron el celular e intentaron despojarlo de su mochila. El acusado fue detenido en las inmediaciones, mientras que su acompa\u00f1ante logr\u00f3 huir.<\/p>\n\n\n\n<p>La Fiscal\u00eda Penal 3 inform\u00f3 la imputaci\u00f3n provisional de un hombre de 19 a\u00f1os como autor del delito de robo calificado por el uso de arma en perjuicio de un menor de edad.<\/p>\n\n\n\n<p>Tras la audiencia de imputaci\u00f3n, desde la Fiscal\u00eda se solicit\u00f3 que el acusado se mantenga detenido.<\/p>\n\n\n\n<p>El pasado mi\u00e9rcoles 21, un adolescente de 16 a\u00f1os que se encontraba en la parada del colectivo en inmediaciones de la ruta provincial 26, fue sorprendido por dos hombres, que, usando un cuchillo, le sustrajeron el celular e intentaron quitarle la mochila.<\/p>\n\n\n\n<p>El menor pidi\u00f3 ayuda cuando lleg\u00f3 el colectivo a la parada y un efectivo que viajaba all\u00ed descendi\u00f3 y logr\u00f3 demorar al acusado en las inmediaciones. Su acompa\u00f1ante logr\u00f3 huir.<\/p>\n","protected":false},"excerpt":{"rendered":"<p>El hecho ocurri\u00f3 el pasado mi\u00e9rcoles en la zona de ruta provincial 26, donde un adolescente fue sorprendido por dos hombres que, usando un arma blanca, le robaron el celular e intentaron despojarlo de su mochila. El acusado fue detenido en las inmediaciones, mientras que su acompa\u00f1ante logr\u00f3 huir. La Fiscal\u00eda Penal 3 inform\u00f3 la [&hellip;]<\/p>\n","protected":false},"author":2,"featured_media":36647,"comment_status":"open","ping_status":"open","sticky":false,"template":"","format":"standard","meta":{"tdm_status":"","tdm_grid_status":"","_joinchat":[],"footnotes":""},"categories":[63],"tags":[],"class_list":{"0":"post-60100","1":"post","2":"type-post","3":"status-publish","4":"format-standard","5":"has-post-thumbnail","7":"category-policiales"},"amp_enabled":true,"_links":{"self":[{"href":"https:\/\/www.todoeldia.com\/index.php\/wp-json\/wp\/v2\/posts\/60100","targetHints":{"allow":["GET"]}}],"collection":[{"href":"https:\/\/www.todoeldia.com\/index.php\/wp-json\/wp\/v2\/posts"}],"about":[{"href":"https:\/\/www.todoeldia.com\/index.php\/wp-json\/wp\/v2\/types\/post"}],"author":[{"embeddable":true,"href":"https:\/\/www.todoeldia.com\/index.php\/wp-json\/wp\/v2\/users\/2"}],"replies":[{"embeddable":true,"href":"https:\/\/www.todoeldia.com\/index.php\/wp-json\/wp\/v2\/comments?post=60100"}],"version-history":[{"count":1,"href":"https:\/\/www.todoeldia.com\/index.php\/wp-json\/wp\/v2\/posts\/60100\/revisions"}],"predecessor-version":[{"id":60101,"href":"https:\/\/www.todoeldia.com\/index.php\/wp-json\/wp\/v2\/posts\/60100\/revisions\/60101"}],"wp:featuredmedia":[{"embeddable":true,"href":"https:\/\/www.todoeldia.com\/index.php\/wp-json\/wp\/v2\/media\/36647"}],"wp:attachment":[{"href":"https:\/\/www.todoeldia.com\/index.php\/wp-json\/wp\/v2\/media?parent=60100"}],"wp:term":[{"taxonomy":"category","embeddable":true,"href":"https:\/\/www.todoeldia.com\/index.php\/wp-json\/wp\/v2\/categories?post=60100"},{"taxonomy":"post_tag","embeddable":true,"href":"https:\/\/www.todoeldia.com\/index.php\/wp-json\/wp\/v2\/tags?post=60100"}],"curies":[{"name":"wp","href":"https:\/\/api.w.org\/{rel}","templated":true}]}}