{"id":60105,"date":"2023-06-26T19:02:15","date_gmt":"2023-06-26T22:02:15","guid":{"rendered":"https:\/\/www.todoeldia.com\/?p=60105"},"modified":"2023-06-26T19:02:49","modified_gmt":"2023-06-26T22:02:49","slug":"con-fuertes-criticas-a-alberto-fernandez-cristina-kirchner-conto-detalles-desconocidos-del-cierre-de-listas-del-peronismo","status":"publish","type":"post","link":"https:\/\/www.todoeldia.com\/index.php\/2023\/06\/26\/con-fuertes-criticas-a-alberto-fernandez-cristina-kirchner-conto-detalles-desconocidos-del-cierre-de-listas-del-peronismo\/","title":{"rendered":"Con fuertes cr\u00edticas a Alberto Fern\u00e1ndez, Cristina Kirchner cont\u00f3 detalles desconocidos del cierre de listas del peronismo"},"content":{"rendered":"\n<p>La Vicepresidenta apunt\u00f3 contra el jefe de Estado por impulsar hasta \u00faltimo minuto la divisi\u00f3n del espacio en las PASO y revel\u00f3 de qu\u00e9 manera se destrab\u00f3 el armado que culmin\u00f3 con la precandidatura a presidente de Sergio Massa.<\/p>\n\n\n\n<p>Un elogio similar a una virtual disculpa al ministro del Interior, Eduardo \u201cWado\u201d de Pedro, y un reproche abierto al presidente Alberto Fern\u00e1ndez. Con esos ejes, la vicepresidenta Cristina Kirchner revel\u00f3 este lunes 26 de junio detalles desconocidos del fren\u00e9tico cierre de listas en Uni\u00f3n por la Patria, el rebautizado frente oficialista, que tiene como precandidato a presidente a Sergio Massa.<\/p>\n\n\n\n<p>La ex presidenta y el ministro de Econom\u00eda compartieron un acto en Aeroparque en el que presentaron la recuperaci\u00f3n por parte del Estado de un avi\u00f3n de gran simbolismo, dado que fue utilizado en los denominados \u201cvuelos de la muerte\u201d, desde donde se arrojaron militantes al R\u00edo de la Plata durante la dictadura militar de la d\u00e9cada del setenta.<\/p>\n\n\n\n<p>Luego de la presentaci\u00f3n, las dos principales figuras de la mesa montada en la pista de aterrizajes de la Estaci\u00f3n terminal hablaron ante el p\u00fablico que se dio cita en el lugar. Sergio Massa, en su primera intervenci\u00f3n como pre candidato del peronismo, y Cristina Kirchner, la vicepresidenta y fundadora del Frente de Todos en 2019. Fue CFK quien luego de los primeros minutos de su intervenci\u00f3n, se meti\u00f3 de lleno en una suerte de paso a paso de la definici\u00f3n del \u00faltimo s\u00e1bado.<\/p>\n\n\n\n<p>All\u00ed cont\u00f3 que desde un primer momento ella y el kirchnerismo siempre impulsaron que el oficialismo tenga una lista de unidad, advirtiendo el perjuicio de presentar candidaturas que dividan al oficialismo en las elecciones Primarias, Abiertas, Simult\u00e1neas y Obligatorias (PASO) previstas para el 13 de agosto.<\/p>\n\n\n\n<p>\u201cComo militante pol\u00edtica, sosten\u00eda que era necesario construir una lista de unidad que nos permitiera abordar los problemas que tiene la sociedad muy graves\u201d, introdujo la Vicepresidenta.<\/p>\n\n\n\n<p>Sin embargo, el obst\u00e1culo para trazar esa estrategia, seg\u00fan cont\u00f3, lo impuso nada menos que Alberto Fern\u00e1ndez, quien \u201cse embander\u00f3 en hacer PASO\u201d. El jefe de Estado, que efectivamente hab\u00eda impulsado la competencia de listas en el oficialismo, respaldaba al embajador en Brasil, Daniel Scioli, para competir en las primarias, algo que Cristina Kirchner consideraba un error. \u201cYo les ped\u00ed comprensi\u00f3n de texto y tambi\u00e9n de comprensi\u00f3n de contexto, del momento pol\u00edtico\u201d, argument\u00f3 la titular del Senado para marcar el error que ve\u00eda quien fue su compa\u00f1ero de f\u00f3rmula en 2019.<\/p>\n\n\n\n<p>&nbsp;\u201cEl 7 de junio, 15 gobernadores hab\u00edan pedido una lista de unidad, mas tarde lo hicieron los intendentes y la CGT\u201d, reforz\u00f3 CFK y explic\u00f3 que \u201cera (necesario) poder articular lo mas inteligentemente posible un armado\u201d<\/p>\n\n\n\n<p>\u201cSin embargo, hasta el viernes ten\u00edamos a la ministra de Desarrollo Social (Victoria Tolosa Paz) planteando una interna a nuestro gobernador (Axel Kicillof) y a nuestro embajador en Brasil (Daniel Scioli), con todo derecho, para presidente\u201d, remarc\u00f3 Cristina Kirchner, se\u00f1alando su desacuerdo con esa estrategia, por la que responsabiliz\u00f3 a Fern\u00e1ndez.<\/p>\n\n\n\n<p>En ese marco, explic\u00f3 que, frente a tal escenario, su espacio impuls\u00f3 la candidatura del ministro del Interior y hombre de La C\u00e1mpora, Eduardo \u201cWado\u201d de Pedro.<\/p>\n\n\n\n<p>\u201cHabl\u00e9 con Sergio y lo dije, adelante de todos, que si se persist\u00eda (la estrategia) de las PASO, nuestra fuerza iba a ir con candidato propio, que era Wado\u201d, revel\u00f3. En efecto, De Pedro hab\u00eda sido se\u00f1alado como el precandidato del oficialismo, y lleg\u00f3 a publicar un spot un d\u00eda antes del cierre oficial del plazo para la presentaci\u00f3n de las listas, en donde manifestaba su voluntad de competir por la presidencia.<\/p>\n","protected":false},"excerpt":{"rendered":"<p>La Vicepresidenta apunt\u00f3 contra el jefe de Estado por impulsar hasta \u00faltimo minuto la divisi\u00f3n del espacio en las PASO y revel\u00f3 de qu\u00e9 manera se destrab\u00f3 el armado que culmin\u00f3 con la precandidatura a presidente de Sergio Massa. Un elogio similar a una virtual disculpa al ministro del Interior, Eduardo \u201cWado\u201d de Pedro, y [&hellip;]<\/p>\n","protected":false},"author":2,"featured_media":60106,"comment_status":"open","ping_status":"open","sticky":false,"template":"","format":"standard","meta":{"tdm_status":"","tdm_grid_status":"","_joinchat":[],"footnotes":""},"categories":[59],"tags":[],"class_list":{"0":"post-60105","1":"post","2":"type-post","3":"status-publish","4":"format-standard","5":"has-post-thumbnail","7":"category-politica"},"amp_enabled":true,"_links":{"self":[{"href":"https:\/\/www.todoeldia.com\/index.php\/wp-json\/wp\/v2\/posts\/60105","targetHints":{"allow":["GET"]}}],"collection":[{"href":"https:\/\/www.todoeldia.com\/index.php\/wp-json\/wp\/v2\/posts"}],"about":[{"href":"https:\/\/www.todoeldia.com\/index.php\/wp-json\/wp\/v2\/types\/post"}],"author":[{"embeddable":true,"href":"https:\/\/www.todoeldia.com\/index.php\/wp-json\/wp\/v2\/users\/2"}],"replies":[{"embeddable":true,"href":"https:\/\/www.todoeldia.com\/index.php\/wp-json\/wp\/v2\/comments?post=60105"}],"version-history":[{"count":1,"href":"https:\/\/www.todoeldia.com\/index.php\/wp-json\/wp\/v2\/posts\/60105\/revisions"}],"predecessor-version":[{"id":60107,"href":"https:\/\/www.todoeldia.com\/index.php\/wp-json\/wp\/v2\/posts\/60105\/revisions\/60107"}],"wp:featuredmedia":[{"embeddable":true,"href":"https:\/\/www.todoeldia.com\/index.php\/wp-json\/wp\/v2\/media\/60106"}],"wp:attachment":[{"href":"https:\/\/www.todoeldia.com\/index.php\/wp-json\/wp\/v2\/media?parent=60105"}],"wp:term":[{"taxonomy":"category","embeddable":true,"href":"https:\/\/www.todoeldia.com\/index.php\/wp-json\/wp\/v2\/categories?post=60105"},{"taxonomy":"post_tag","embeddable":true,"href":"https:\/\/www.todoeldia.com\/index.php\/wp-json\/wp\/v2\/tags?post=60105"}],"curies":[{"name":"wp","href":"https:\/\/api.w.org\/{rel}","templated":true}]}}