{"id":60122,"date":"2023-06-27T13:31:48","date_gmt":"2023-06-27T16:31:48","guid":{"rendered":"https:\/\/www.todoeldia.com\/?p=60122"},"modified":"2023-06-27T15:15:29","modified_gmt":"2023-06-27T18:15:29","slug":"preso-por-llevarle-a-un-detenido-marihuana-y-cocaina-en-una-botella-de-lavandina","status":"publish","type":"post","link":"https:\/\/www.todoeldia.com\/index.php\/2023\/06\/27\/preso-por-llevarle-a-un-detenido-marihuana-y-cocaina-en-una-botella-de-lavandina\/","title":{"rendered":"Preso por llevarle a un detenido marihuana y coca\u00edna en una botella de lavandina"},"content":{"rendered":"\n<p>Ocurri\u00f3 el pasado s\u00e1bado, cuando el acusado llev\u00f3 una botella de lavandina para un detenido. Se descubri\u00f3 que en el interior ten\u00eda oculto un envoltorio con coca\u00edna y otro con marihuana.<\/p>\n\n\n\n<p>La fiscal penal 1 de Or\u00e1n, Daniela Mur\u00faa, imput\u00f3 de forma provisional a un hombre de 51 a\u00f1os como autor del delito de tentativa de suministro de estupefacientes agravado por ser realizado en lugar de detenci\u00f3n.<\/p>\n\n\n\n<p>El acusado estuvo acompa\u00f1ado de defensa particular durante la audiencia de imputaci\u00f3n, se abstuvo de declarar y se solicit\u00f3 al Juzgado de Garant\u00edas interviniente que se mantenga su detenci\u00f3n.<\/p>\n\n\n\n<p>El pasado s\u00e1bado, en la Comisar\u00eda 1 de la DUR 2 en Or\u00e1n, se produjo un incidente durante el proceso de revisi\u00f3n de los alimentos y elementos de higiene que los familiares llevan a los detenidos.<\/p>\n\n\n\n<p>El cabo de guardia detect\u00f3 un doble fondo en la parte inferior de una botella de lavandina que pretend\u00eda ser introducida por el imputado. Es por ello que solicit\u00f3 la intervenci\u00f3n de personal de Drogas Peligrosas, quienes, al realizar la requisa, detectaron que ten\u00eda oculto dos envoltorios, uno con marihuana y otro con coca\u00edna, por lo que se detuvo al acusado.<\/p>\n","protected":false},"excerpt":{"rendered":"<p>Ocurri\u00f3 el pasado s\u00e1bado, cuando el acusado llev\u00f3 una botella de lavandina para un detenido. Se descubri\u00f3 que en el interior ten\u00eda oculto un envoltorio con coca\u00edna y otro con marihuana. La fiscal penal 1 de Or\u00e1n, Daniela Mur\u00faa, imput\u00f3 de forma provisional a un hombre de 51 a\u00f1os como autor del delito de tentativa [&hellip;]<\/p>\n","protected":false},"author":2,"featured_media":60124,"comment_status":"open","ping_status":"open","sticky":false,"template":"","format":"standard","meta":{"tdm_status":"","tdm_grid_status":"","_joinchat":[],"footnotes":""},"categories":[63],"tags":[],"class_list":{"0":"post-60122","1":"post","2":"type-post","3":"status-publish","4":"format-standard","5":"has-post-thumbnail","7":"category-policiales"},"amp_enabled":true,"_links":{"self":[{"href":"https:\/\/www.todoeldia.com\/index.php\/wp-json\/wp\/v2\/posts\/60122","targetHints":{"allow":["GET"]}}],"collection":[{"href":"https:\/\/www.todoeldia.com\/index.php\/wp-json\/wp\/v2\/posts"}],"about":[{"href":"https:\/\/www.todoeldia.com\/index.php\/wp-json\/wp\/v2\/types\/post"}],"author":[{"embeddable":true,"href":"https:\/\/www.todoeldia.com\/index.php\/wp-json\/wp\/v2\/users\/2"}],"replies":[{"embeddable":true,"href":"https:\/\/www.todoeldia.com\/index.php\/wp-json\/wp\/v2\/comments?post=60122"}],"version-history":[{"count":1,"href":"https:\/\/www.todoeldia.com\/index.php\/wp-json\/wp\/v2\/posts\/60122\/revisions"}],"predecessor-version":[{"id":60123,"href":"https:\/\/www.todoeldia.com\/index.php\/wp-json\/wp\/v2\/posts\/60122\/revisions\/60123"}],"wp:featuredmedia":[{"embeddable":true,"href":"https:\/\/www.todoeldia.com\/index.php\/wp-json\/wp\/v2\/media\/60124"}],"wp:attachment":[{"href":"https:\/\/www.todoeldia.com\/index.php\/wp-json\/wp\/v2\/media?parent=60122"}],"wp:term":[{"taxonomy":"category","embeddable":true,"href":"https:\/\/www.todoeldia.com\/index.php\/wp-json\/wp\/v2\/categories?post=60122"},{"taxonomy":"post_tag","embeddable":true,"href":"https:\/\/www.todoeldia.com\/index.php\/wp-json\/wp\/v2\/tags?post=60122"}],"curies":[{"name":"wp","href":"https:\/\/api.w.org\/{rel}","templated":true}]}}