{"id":60386,"date":"2023-07-01T13:45:34","date_gmt":"2023-07-01T16:45:34","guid":{"rendered":"https:\/\/www.todoeldia.com\/?p=60386"},"modified":"2023-07-01T13:45:35","modified_gmt":"2023-07-01T16:45:35","slug":"el-papa-francisco-nombro-a-un-arzobispo-argentino-en-un-importante-cargo-en-el-vaticano","status":"publish","type":"post","link":"https:\/\/www.todoeldia.com\/index.php\/2023\/07\/01\/el-papa-francisco-nombro-a-un-arzobispo-argentino-en-un-importante-cargo-en-el-vaticano\/","title":{"rendered":"El papa Francisco nombr\u00f3 a un arzobispo argentino en un importante cargo en el Vaticano"},"content":{"rendered":"\n<p>El Sumo Pont\u00edfice le encarg\u00f3 la misi\u00f3n de &#8220;guardar la fe&#8221; y le pidi\u00f3 que dedique su &#8220;empe\u00f1o personal de modo m\u00e1s directo&#8221; a esa tarea.<\/p>\n\n\n\n<p>El papa Francisco design\u00f3 a un arzobispo argentino en un importante cargo en el Vaticano y estar\u00e1 encargado de ejercer la &#8220;tutela de la integridad de la doctrina cat\u00f3lica&#8221;.<\/p>\n\n\n\n<p>Se trata del arzobispo de La Plata, V\u00edctor Manuel Fern\u00e1ndez, quien fue nombrado como nuevo prefecto del Dicasterio por la Doctrina de la Fe.<\/p>\n\n\n\n<p>El prelado cordob\u00e9s ocupar\u00e1 el segundo dicasterio en importancia en el Vaticano, que ejerce &#8220;la tutela de la integridad de la doctrina cat\u00f3lica&#8221;.<\/p>\n\n\n\n<p>Fern\u00e1ndez, de 60 a\u00f1os, reemplazar\u00e1 al jesuita espa\u00f1ol Luis Ladaria Ferrer, quien super\u00f3 el l\u00edmite de 75 a\u00f1os para ejercer cargos en la Curia.<\/p>\n\n\n\n<p>&#8220;Como nuevo Prefecto del Dicasterio para la Doctrina de la Fe te encomiendo una tarea que considero muy valiosa. Tiene como finalidad central custodiar la ense\u00f1anza que brota de la fe para dar raz\u00f3n de nuestra esperanza, pero no como enemigos que se\u00f1alan y condenan&#8221;, manifest\u00f3 el Sumo Pont\u00edfice en una carta que le envi\u00f3 al arzobispo platense.<\/p>\n\n\n\n<p>El Dicasterio para la Doctrina de la Fe tiene como funci\u00f3n &#8220;ayudar al Romano Pont\u00edfice y a los obispos a proclamar el Evangelio en todo el mundo, promoviendo y tutelando la integridad de la doctrina cat\u00f3lica sobre la fe y la moral, sobre la base del dep\u00f3sito de la fe y tambi\u00e9n buscando una comprensi\u00f3n cada vez m\u00e1s profunda de esta ante los nuevos interrogantes&#8221;, seg\u00fan se desprende del art\u00edculo 69 de la Constituci\u00f3n Apost\u00f3lica &#8220;Predicar el Evangelio&#8221;, que entr\u00f3 en vigencia el a\u00f1o pasado.<\/p>\n\n\n\n<p>&#8220;El Dicasterio que presidir\u00e1s en otras \u00e9pocas lleg\u00f3 a utilizar m\u00e9todos inmorales. Fueron tiempos donde m\u00e1s que promover el saber teol\u00f3gico se persegu\u00edan posibles errores doctrinales. Lo que espero de vos es sin duda algo muy diferente&#8221;, expres\u00f3 el Papa.<\/p>\n\n\n\n<p>En la misiva, Francisco aclar\u00f3: &#8220;Dado que para las cuestiones disciplinarias \u2013 relacionadas en especial con los abusos de menores \u2013 recientemente se ha creado una Secci\u00f3n espec\u00edfica con profesionales muy competentes, te pido que como Prefecto dediques tu empe\u00f1o personal de modo m\u00e1s directo a la finalidad principal del Dicasterio que es \u00b4guardar la fe\u00b4&#8221;.<\/p>\n","protected":false},"excerpt":{"rendered":"<p>El Sumo Pont\u00edfice le encarg\u00f3 la misi\u00f3n de &#8220;guardar la fe&#8221; y le pidi\u00f3 que dedique su &#8220;empe\u00f1o personal de modo m\u00e1s directo&#8221; a esa tarea. El papa Francisco design\u00f3 a un arzobispo argentino en un importante cargo en el Vaticano y estar\u00e1 encargado de ejercer la &#8220;tutela de la integridad de la doctrina cat\u00f3lica&#8221;. [&hellip;]<\/p>\n","protected":false},"author":2,"featured_media":60387,"comment_status":"open","ping_status":"open","sticky":false,"template":"","format":"standard","meta":{"tdm_status":"","tdm_grid_status":"","_joinchat":[],"footnotes":""},"categories":[73],"tags":[],"class_list":{"0":"post-60386","1":"post","2":"type-post","3":"status-publish","4":"format-standard","5":"has-post-thumbnail","7":"category-noticias-general"},"amp_enabled":true,"_links":{"self":[{"href":"https:\/\/www.todoeldia.com\/index.php\/wp-json\/wp\/v2\/posts\/60386","targetHints":{"allow":["GET"]}}],"collection":[{"href":"https:\/\/www.todoeldia.com\/index.php\/wp-json\/wp\/v2\/posts"}],"about":[{"href":"https:\/\/www.todoeldia.com\/index.php\/wp-json\/wp\/v2\/types\/post"}],"author":[{"embeddable":true,"href":"https:\/\/www.todoeldia.com\/index.php\/wp-json\/wp\/v2\/users\/2"}],"replies":[{"embeddable":true,"href":"https:\/\/www.todoeldia.com\/index.php\/wp-json\/wp\/v2\/comments?post=60386"}],"version-history":[{"count":1,"href":"https:\/\/www.todoeldia.com\/index.php\/wp-json\/wp\/v2\/posts\/60386\/revisions"}],"predecessor-version":[{"id":60388,"href":"https:\/\/www.todoeldia.com\/index.php\/wp-json\/wp\/v2\/posts\/60386\/revisions\/60388"}],"wp:featuredmedia":[{"embeddable":true,"href":"https:\/\/www.todoeldia.com\/index.php\/wp-json\/wp\/v2\/media\/60387"}],"wp:attachment":[{"href":"https:\/\/www.todoeldia.com\/index.php\/wp-json\/wp\/v2\/media?parent=60386"}],"wp:term":[{"taxonomy":"category","embeddable":true,"href":"https:\/\/www.todoeldia.com\/index.php\/wp-json\/wp\/v2\/categories?post=60386"},{"taxonomy":"post_tag","embeddable":true,"href":"https:\/\/www.todoeldia.com\/index.php\/wp-json\/wp\/v2\/tags?post=60386"}],"curies":[{"name":"wp","href":"https:\/\/api.w.org\/{rel}","templated":true}]}}