{"id":60479,"date":"2023-07-03T20:52:39","date_gmt":"2023-07-03T23:52:39","guid":{"rendered":"https:\/\/www.todoeldia.com\/?p=60479"},"modified":"2023-07-03T20:52:43","modified_gmt":"2023-07-03T23:52:43","slug":"blumberg-denuncio-la-venta-de-candidaturas-en-el-espacio-de-milei","status":"publish","type":"post","link":"https:\/\/www.todoeldia.com\/index.php\/2023\/07\/03\/blumberg-denuncio-la-venta-de-candidaturas-en-el-espacio-de-milei\/","title":{"rendered":"Blumberg denunci\u00f3 la venta de candidaturas en el espacio de Milei"},"content":{"rendered":"\n<p>El empresario Juan Carlos Blumberg denunci\u00f3 que el espacio que encabeza a nivel nacional Javier Milei cobra hasta US$50 mil d\u00f3lares para entrar en una lista.<\/p>\n\n\n\n<p>Blumberg se hab\u00eda integrado en los \u00faltimos tiempos a la Libertad Avanza, pero luego decidi\u00f3 alejarse en medio de acusaciones a la conducci\u00f3n de la fuerza de supuestos intentos de hacer &#8220;negocio&#8221; con la pol\u00edtica.<\/p>\n\n\n\n<p>&#8220;No vamos a ser el veh\u00edculo electoral de mafias o delincuentes&#8221;, sostuvo el empresario, quien hab\u00eda coqueteado con una candidatura por ese espacio.<\/p>\n\n\n\n<p>En declaraciones radiales, destac\u00f3 que algunas personas pagaron &#8220;hasta 50.000 d\u00f3lares&#8221; para un lugar de concejal.<\/p>\n\n\n\n<p>Adem\u00e1s, apunt\u00f3 por el tema a Carlos Kikuchi, el armador de Milei que en las \u00faltimas horas se conoci\u00f3 que fue alejado de ese cargo.<\/p>\n\n\n\n<p>&#8220;Hay gente que pag\u00f3 y que la usaron&#8221;, resalt\u00f3 Blumberg, y detall\u00f3 que &#8220;en el espacio de Milei empezaron a vender puestos para ser candidatos&#8221;.<\/p>\n\n\n\n<p>Y agreg\u00f3: &#8220;Aparentemente el que ped\u00eda era Kikuchi, el otro Pareja (Sebasti\u00e1n Pareja, armador de Milei en Provincia), y la hermana. Hay gente que pag\u00f3 hasta u$s50 mil&#8221;.<\/p>\n","protected":false},"excerpt":{"rendered":"<p>El empresario Juan Carlos Blumberg denunci\u00f3 que el espacio que encabeza a nivel nacional Javier Milei cobra hasta US$50 mil d\u00f3lares para entrar en una lista. Blumberg se hab\u00eda integrado en los \u00faltimos tiempos a la Libertad Avanza, pero luego decidi\u00f3 alejarse en medio de acusaciones a la conducci\u00f3n de la fuerza de supuestos intentos [&hellip;]<\/p>\n","protected":false},"author":2,"featured_media":60480,"comment_status":"open","ping_status":"open","sticky":false,"template":"","format":"standard","meta":{"tdm_status":"","tdm_grid_status":"","_joinchat":[],"footnotes":""},"categories":[59],"tags":[],"class_list":{"0":"post-60479","1":"post","2":"type-post","3":"status-publish","4":"format-standard","5":"has-post-thumbnail","7":"category-politica"},"amp_enabled":true,"_links":{"self":[{"href":"https:\/\/www.todoeldia.com\/index.php\/wp-json\/wp\/v2\/posts\/60479","targetHints":{"allow":["GET"]}}],"collection":[{"href":"https:\/\/www.todoeldia.com\/index.php\/wp-json\/wp\/v2\/posts"}],"about":[{"href":"https:\/\/www.todoeldia.com\/index.php\/wp-json\/wp\/v2\/types\/post"}],"author":[{"embeddable":true,"href":"https:\/\/www.todoeldia.com\/index.php\/wp-json\/wp\/v2\/users\/2"}],"replies":[{"embeddable":true,"href":"https:\/\/www.todoeldia.com\/index.php\/wp-json\/wp\/v2\/comments?post=60479"}],"version-history":[{"count":1,"href":"https:\/\/www.todoeldia.com\/index.php\/wp-json\/wp\/v2\/posts\/60479\/revisions"}],"predecessor-version":[{"id":60481,"href":"https:\/\/www.todoeldia.com\/index.php\/wp-json\/wp\/v2\/posts\/60479\/revisions\/60481"}],"wp:featuredmedia":[{"embeddable":true,"href":"https:\/\/www.todoeldia.com\/index.php\/wp-json\/wp\/v2\/media\/60480"}],"wp:attachment":[{"href":"https:\/\/www.todoeldia.com\/index.php\/wp-json\/wp\/v2\/media?parent=60479"}],"wp:term":[{"taxonomy":"category","embeddable":true,"href":"https:\/\/www.todoeldia.com\/index.php\/wp-json\/wp\/v2\/categories?post=60479"},{"taxonomy":"post_tag","embeddable":true,"href":"https:\/\/www.todoeldia.com\/index.php\/wp-json\/wp\/v2\/tags?post=60479"}],"curies":[{"name":"wp","href":"https:\/\/api.w.org\/{rel}","templated":true}]}}