{"id":60689,"date":"2023-07-07T14:36:02","date_gmt":"2023-07-07T17:36:02","guid":{"rendered":"https:\/\/www.todoeldia.com\/?p=60689"},"modified":"2023-07-07T14:36:04","modified_gmt":"2023-07-07T17:36:04","slug":"venta-de-candidaturas-maslaton-ratifico-ante-la-justicia-sus-denuncias-contra-milei-y-aporto-datos-de-nuevos-casos","status":"publish","type":"post","link":"https:\/\/www.todoeldia.com\/index.php\/2023\/07\/07\/venta-de-candidaturas-maslaton-ratifico-ante-la-justicia-sus-denuncias-contra-milei-y-aporto-datos-de-nuevos-casos\/","title":{"rendered":"Venta de candidaturas: Maslat\u00f3n ratific\u00f3 ante la Justicia sus denuncias contra Milei y aport\u00f3 datos de nuevos casos"},"content":{"rendered":"\n<p>El abogado declar\u00f3 como testigo en la causa preliminar que se inici\u00f3 por los presuntos pagos de dirigentes para integrar las listas de la Libertad Avanza. Dijo que se instaur\u00f3 un \u201cfranquiciado politico\u201d<\/p>\n\n\n\n<p>El economista y abogado liberal Carlos Maslat\u00f3n ratific\u00f3 hoy en la justicia el \u201cfranquiciado pol\u00edtico\u201d en el armado del partido de Javier Milei y cont\u00f3 nuevos casos de personas que habr\u00edan pagado o recibido propuestas para ser candidatos en las pr\u00f3ximas elecciones, todo a trav\u00e9s de mensajes que le llegan por las redes sociales.<\/p>\n\n\n\n<p>Maslat\u00f3n, que hasta el a\u00f1o pasado era aliado pol\u00edtico de Milei y luego se distanciaron, declar\u00f3 durante poco menos de una hora ante el fiscal electoral nacional Ramiro Gonz\u00e1lez, que esta semana inici\u00f3 una investigaci\u00f3n preliminar por los dichos p\u00fablicos de distintas personas de que en La Libertad Avanza se les cobrar\u00eda un fee a los dirigentes que pretenden integrar listas y ser candidatos. El economista fue el primero de los cuatro testigos que convoc\u00f3 el fiscal en declarar.<\/p>\n\n\n\n<figure class=\"wp-block-image size-full is-resized\"><img loading=\"lazy\" decoding=\"async\" src=\"https:\/\/www.todoeldia.com\/wp-content\/uploads\/2023\/06\/milei3.jpg\" alt=\"\" class=\"wp-image-60321\" width=\"1066\" height=\"628\"\/><\/figure>\n\n\n\n<p>Primero cont\u00f3 que comenz\u00f3 a trabajar en La Libertad Avanza en 2020 a pedido de Milei, a quien conoce desde 2014. Pero se distanci\u00f3 tras las elecciones legislativas de 2021 porque no hubo acuerdo en la estrategia pol\u00edtica para las elecciones 2023. Maslat\u00f3n cont\u00f3 que \u00e9l quer\u00eda priorizar a la militancia y que Milei llev\u00f3 a los \u201coperadores pol\u00edticos\u201d Carlos Kikuchi y a Sebasti\u00e1n Pareja.<\/p>\n\n\n\n<p>\u201cTengo un perfil social alto en redes y la gente me comenta. Los que me conocen me traen denuncias o cosas que les molestan, as\u00ed me entero de las cosas. Empiezo a captar que existe selecci\u00f3n de candidatos por el dinero que puedan aportar. Ese aporte va desde los candidatos al entorno de Milei, la hermana o los operadores que mencion\u00e9. A cambio les da el uso del nombre, el logo y una visita de Milei al lugar\u201d, sostuvo Maslat\u00f3n en la declaraci\u00f3n a la que accedi\u00f3 Infobae. A ese procedimiento lo llam\u00f3 \u201cfranquiciado pol\u00edtico\u201d.<\/p>\n\n\n\n<p>\u201cMe llegan reportes, no los tengo compilados por la urgencia de la citaci\u00f3n, pero si hago un barrido de mis redes sociales puedo aportar m\u00e1s informaci\u00f3n\u201d, agreg\u00f3 ante el fiscal y dio algunos ejemplos.<\/p>\n\n\n\n<p>Dijo que el abogado de Mor\u00f3n Pablo Bonapelch le cont\u00f3 que el candidato a intendente por ese distrito de La Libertad Avanza, Ariel Diwan, le paga a Pareja $ 300 mil por semana. Tambi\u00e9n que Silvia Soria le cont\u00f3 que le pidieron USD 60 mil para ser candidata en Avellaneda.<\/p>\n","protected":false},"excerpt":{"rendered":"<p>El abogado declar\u00f3 como testigo en la causa preliminar que se inici\u00f3 por los presuntos pagos de dirigentes para integrar las listas de la Libertad Avanza. Dijo que se instaur\u00f3 un \u201cfranquiciado politico\u201d El economista y abogado liberal Carlos Maslat\u00f3n ratific\u00f3 hoy en la justicia el \u201cfranquiciado pol\u00edtico\u201d en el armado del partido de Javier [&hellip;]<\/p>\n","protected":false},"author":2,"featured_media":60690,"comment_status":"open","ping_status":"open","sticky":false,"template":"","format":"standard","meta":{"tdm_status":"","tdm_grid_status":"","_joinchat":[],"footnotes":""},"categories":[59],"tags":[],"class_list":{"0":"post-60689","1":"post","2":"type-post","3":"status-publish","4":"format-standard","5":"has-post-thumbnail","7":"category-politica"},"amp_enabled":true,"_links":{"self":[{"href":"https:\/\/www.todoeldia.com\/index.php\/wp-json\/wp\/v2\/posts\/60689","targetHints":{"allow":["GET"]}}],"collection":[{"href":"https:\/\/www.todoeldia.com\/index.php\/wp-json\/wp\/v2\/posts"}],"about":[{"href":"https:\/\/www.todoeldia.com\/index.php\/wp-json\/wp\/v2\/types\/post"}],"author":[{"embeddable":true,"href":"https:\/\/www.todoeldia.com\/index.php\/wp-json\/wp\/v2\/users\/2"}],"replies":[{"embeddable":true,"href":"https:\/\/www.todoeldia.com\/index.php\/wp-json\/wp\/v2\/comments?post=60689"}],"version-history":[{"count":1,"href":"https:\/\/www.todoeldia.com\/index.php\/wp-json\/wp\/v2\/posts\/60689\/revisions"}],"predecessor-version":[{"id":60691,"href":"https:\/\/www.todoeldia.com\/index.php\/wp-json\/wp\/v2\/posts\/60689\/revisions\/60691"}],"wp:featuredmedia":[{"embeddable":true,"href":"https:\/\/www.todoeldia.com\/index.php\/wp-json\/wp\/v2\/media\/60690"}],"wp:attachment":[{"href":"https:\/\/www.todoeldia.com\/index.php\/wp-json\/wp\/v2\/media?parent=60689"}],"wp:term":[{"taxonomy":"category","embeddable":true,"href":"https:\/\/www.todoeldia.com\/index.php\/wp-json\/wp\/v2\/categories?post=60689"},{"taxonomy":"post_tag","embeddable":true,"href":"https:\/\/www.todoeldia.com\/index.php\/wp-json\/wp\/v2\/tags?post=60689"}],"curies":[{"name":"wp","href":"https:\/\/api.w.org\/{rel}","templated":true}]}}