{"id":60918,"date":"2023-07-13T10:41:21","date_gmt":"2023-07-13T13:41:21","guid":{"rendered":"https:\/\/www.todoeldia.com\/?p=60918"},"modified":"2023-07-13T10:41:22","modified_gmt":"2023-07-13T13:41:22","slug":"la-mato-y-se-fugo-con-la-amante-la-trama-detras-de-la-detencion-del-acusado-por-el-femicidio-de-ferni-ayala","status":"publish","type":"post","link":"https:\/\/www.todoeldia.com\/index.php\/2023\/07\/13\/la-mato-y-se-fugo-con-la-amante-la-trama-detras-de-la-detencion-del-acusado-por-el-femicidio-de-ferni-ayala\/","title":{"rendered":"\u201cLa mat\u00f3 y se fug\u00f3 con la amante\u201d: la trama detr\u00e1s de la detenci\u00f3n del acusado por el femicidio de Ferni Ayala"},"content":{"rendered":"\n<p>Esteban Rojas Almada (45) es el \u00fanico sospechoso del crimen de su novia. Fue detenido por Interpol en Paraguay luego de pasar cinco meses pr\u00f3fugo. \u201cSiempre supimos d\u00f3nde se escond\u00eda, pero la Justicia nunca nos hizo caso\u201d, dijo la hermana de la v\u00edctima a TN.<\/p>\n\n\n\n<p>\u201cTarde o temprano va a caer\u201d, confiaba Clara, la hermana de Ferni Ayala, en una nota con TN a fines de marzo. La referencia era hacia Esteban Rojas Almada (45), el \u00fanico sospechoso de haber asesinado a balazos a la joven de 28 a\u00f1os en el barrio Zavaleta, en Barracas, a fines de febrero.<\/p>\n\n\n\n<figure class=\"wp-block-image size-large\"><img loading=\"lazy\" decoding=\"async\" width=\"1024\" height=\"755\" src=\"https:\/\/www.todoeldia.com\/wp-content\/uploads\/2023\/07\/image-71-1024x755.png\" alt=\"\" class=\"wp-image-60920\" srcset=\"https:\/\/www.todoeldia.com\/wp-content\/uploads\/2023\/07\/image-71-1024x755.png 1024w, https:\/\/www.todoeldia.com\/wp-content\/uploads\/2023\/07\/image-71-300x221.png 300w, https:\/\/www.todoeldia.com\/wp-content\/uploads\/2023\/07\/image-71-768x566.png 768w, https:\/\/www.todoeldia.com\/wp-content\/uploads\/2023\/07\/image-71-696x513.png 696w, https:\/\/www.todoeldia.com\/wp-content\/uploads\/2023\/07\/image-71-1068x788.png 1068w, https:\/\/www.todoeldia.com\/wp-content\/uploads\/2023\/07\/image-71-569x420.png 569w, https:\/\/www.todoeldia.com\/wp-content\/uploads\/2023\/07\/image-71-80x60.png 80w, https:\/\/www.todoeldia.com\/wp-content\/uploads\/2023\/07\/image-71.png 1440w\" sizes=\"auto, (max-width: 1024px) 100vw, 1024px\" \/><\/figure>\n\n\n\n<p><strong>El momento de la detenci\u00f3n. Rojas Almada junto a la mujer se\u00f1alada como su amante<\/strong><\/p>\n\n\n\n<p>Y el acusado, finalmente, cay\u00f3. Interpol lo detuvo este martes en una casona de la ciudad de Mariano Roque Alonso -unos 14 kil\u00f3metros al norte de Asunci\u00f3n, Paraguay-, donde llevaba casi cinco meses escondido.<\/p>\n\n\n\n<p>\u201cNo podemos decir que en la familia estamos contentos, pero s\u00ed sentimos alivio. Siempre supimos d\u00f3nde estaba \u00e9l\u201d, menciona Clara sobre quien hasta hace algunas horas era uno de los fugitivos m\u00e1s buscados de la Argentina.<\/p>\n\n\n\n<p>Esteban Rojas Almada permanece detenido en una dependencia policial de la capital paraguaya hasta que se ordene su extradici\u00f3n. Ser\u00e1 juzgado por \u201chomicidio agravado por el v\u00ednculo, por su comisi\u00f3n por parte de un hombre contra una mujer, mediando violencia de g\u00e9nero y mediante el empleo de un arma de fuego\u201d. Uno de los pedidos de la familia de la v\u00edctima es que la car\u00e1tula cambie a femicidio.<\/p>\n\n\n\n<p>\u201c\u00c9l mat\u00f3 a mi hermana y se fug\u00f3 con su amante y su cu\u00f1ada\u201d, asegura Clara, y menciona que durante estos meses las mujeres viajaron a la Argentina en algunas oportunidades y que \u201cse paseaban por Zavaleta como si nada hubiese pasado\u201d.<\/p>\n\n\n\n<figure class=\"wp-block-image size-large is-resized\"><img loading=\"lazy\" decoding=\"async\" src=\"https:\/\/www.todoeldia.com\/wp-content\/uploads\/2023\/07\/image-72-872x1024.png\" alt=\"\" class=\"wp-image-60921\" width=\"1035\" height=\"1240\"\/><\/figure>\n\n\n\n<p><strong>Una foto junto al sospechoso y la leyenda &#8220;amorcito&#8221;, el \u00faltimo posteo de la v\u00edctima en sus redes sociales<\/strong><\/p>\n\n\n\n<p>\u201cComo Esteban es el prestamista del barrio, y ac\u00e1 todos saben que se dedica tambi\u00e9n al narcotr\u00e1fico, ellas ven\u00edan a buscar la plata\u201d, apunta la hermana de la v\u00edctima.<\/p>\n\n\n\n<p>La impactante detenci\u00f3n del sospechoso<\/p>\n\n\n\n<p>El arresto de Rojas Almada fue de pel\u00edcula, seg\u00fan cuenta Clara: \u201cUna de las chicas sali\u00f3 a comprar pan y le sorprendi\u00f3 ver un auto que no le resultaba familiar. Volvi\u00f3 y se lo cont\u00f3 a Esteban. \u00c9l sali\u00f3 un segundo a ver qu\u00e9 pasaba y ah\u00ed lo agarraron. Estaba armado, pero lo redujeron enseguida\u201d. El veh\u00edculo aludido pertenec\u00eda a Interpol, que ya ten\u00eda cercado al sospechoso.<\/p>\n\n\n\n<p>\u201cAl no tener respuestas de parte de la Justicia argentina, yo me mantuve siempre en contacto con Interpol y fui aportando datos. Incluso, les pas\u00e9 el video del lugar donde estaba Esteban\u201d, revela la mujer.<\/p>\n","protected":false},"excerpt":{"rendered":"<p>Esteban Rojas Almada (45) es el \u00fanico sospechoso del crimen de su novia. Fue detenido por Interpol en Paraguay luego de pasar cinco meses pr\u00f3fugo. \u201cSiempre supimos d\u00f3nde se escond\u00eda, pero la Justicia nunca nos hizo caso\u201d, dijo la hermana de la v\u00edctima a TN. \u201cTarde o temprano va a caer\u201d, confiaba Clara, la hermana [&hellip;]<\/p>\n","protected":false},"author":2,"featured_media":60919,"comment_status":"open","ping_status":"open","sticky":false,"template":"","format":"standard","meta":{"tdm_status":"","tdm_grid_status":"","_joinchat":[],"footnotes":""},"categories":[63],"tags":[],"class_list":{"0":"post-60918","1":"post","2":"type-post","3":"status-publish","4":"format-standard","5":"has-post-thumbnail","7":"category-policiales"},"amp_enabled":true,"_links":{"self":[{"href":"https:\/\/www.todoeldia.com\/index.php\/wp-json\/wp\/v2\/posts\/60918","targetHints":{"allow":["GET"]}}],"collection":[{"href":"https:\/\/www.todoeldia.com\/index.php\/wp-json\/wp\/v2\/posts"}],"about":[{"href":"https:\/\/www.todoeldia.com\/index.php\/wp-json\/wp\/v2\/types\/post"}],"author":[{"embeddable":true,"href":"https:\/\/www.todoeldia.com\/index.php\/wp-json\/wp\/v2\/users\/2"}],"replies":[{"embeddable":true,"href":"https:\/\/www.todoeldia.com\/index.php\/wp-json\/wp\/v2\/comments?post=60918"}],"version-history":[{"count":1,"href":"https:\/\/www.todoeldia.com\/index.php\/wp-json\/wp\/v2\/posts\/60918\/revisions"}],"predecessor-version":[{"id":60922,"href":"https:\/\/www.todoeldia.com\/index.php\/wp-json\/wp\/v2\/posts\/60918\/revisions\/60922"}],"wp:featuredmedia":[{"embeddable":true,"href":"https:\/\/www.todoeldia.com\/index.php\/wp-json\/wp\/v2\/media\/60919"}],"wp:attachment":[{"href":"https:\/\/www.todoeldia.com\/index.php\/wp-json\/wp\/v2\/media?parent=60918"}],"wp:term":[{"taxonomy":"category","embeddable":true,"href":"https:\/\/www.todoeldia.com\/index.php\/wp-json\/wp\/v2\/categories?post=60918"},{"taxonomy":"post_tag","embeddable":true,"href":"https:\/\/www.todoeldia.com\/index.php\/wp-json\/wp\/v2\/tags?post=60918"}],"curies":[{"name":"wp","href":"https:\/\/api.w.org\/{rel}","templated":true}]}}