{"id":60923,"date":"2023-07-13T10:53:56","date_gmt":"2023-07-13T13:53:56","guid":{"rendered":"https:\/\/www.todoeldia.com\/?p=60923"},"modified":"2023-07-13T10:53:58","modified_gmt":"2023-07-13T13:53:58","slug":"viajo-a-rosario-a-ver-a-su-tia-y-lo-encontraron-muerto-en-el-rio-14-policias-podrian-recibir-perpetua","status":"publish","type":"post","link":"https:\/\/www.todoeldia.com\/index.php\/2023\/07\/13\/viajo-a-rosario-a-ver-a-su-tia-y-lo-encontraron-muerto-en-el-rio-14-policias-podrian-recibir-perpetua\/","title":{"rendered":"Viaj\u00f3 a Rosario a ver a su t\u00eda y lo encontraron muerto en el r\u00edo: 14 polic\u00edas podr\u00edan recibir perpetua"},"content":{"rendered":"\n<p>La \u00faltima vez que vieron a Franco Casco con vida fue en una comisar\u00eda. La familia siempre sospech\u00f3 de la polic\u00eda y hay 19 agentes imputados esperando una sentencia.<\/p>\n\n\n\n<p>La familia de Franco Casco lo estaba esperando con ansias en la terminal de Retiro, en lo que era la vuelta del viaje que hab\u00eda hecho a Rosario para visitar a su t\u00eda. Pero jam\u00e1s lleg\u00f3 a destino. No pudo ni siquiera tomarse el tren que lo iba a llevar de regreso.<\/p>\n\n\n\n<p>Casi un mes despu\u00e9s de su desaparici\u00f3n, lo encontraron muerto en el r\u00edo Paran\u00e1. Desde el comienzo se sospech\u00f3 de la polic\u00eda y ahora, despu\u00e9s de un largo juicio, 14 efectivos podr\u00edan recibir cadena perpetua el pr\u00f3ximo martes.<\/p>\n\n\n\n<figure class=\"wp-block-image size-large\"><img loading=\"lazy\" decoding=\"async\" width=\"1024\" height=\"768\" src=\"https:\/\/www.todoeldia.com\/wp-content\/uploads\/2023\/07\/image-73-1024x768.png\" alt=\"\" class=\"wp-image-60925\" srcset=\"https:\/\/www.todoeldia.com\/wp-content\/uploads\/2023\/07\/image-73-1024x768.png 1024w, https:\/\/www.todoeldia.com\/wp-content\/uploads\/2023\/07\/image-73-300x225.png 300w, https:\/\/www.todoeldia.com\/wp-content\/uploads\/2023\/07\/image-73-768x576.png 768w, https:\/\/www.todoeldia.com\/wp-content\/uploads\/2023\/07\/image-73-696x522.png 696w, https:\/\/www.todoeldia.com\/wp-content\/uploads\/2023\/07\/image-73-1068x801.png 1068w, https:\/\/www.todoeldia.com\/wp-content\/uploads\/2023\/07\/image-73-560x420.png 560w, https:\/\/www.todoeldia.com\/wp-content\/uploads\/2023\/07\/image-73-80x60.png 80w, https:\/\/www.todoeldia.com\/wp-content\/uploads\/2023\/07\/image-73-265x198.png 265w, https:\/\/www.todoeldia.com\/wp-content\/uploads\/2023\/07\/image-73.png 1440w\" sizes=\"auto, (max-width: 1024px) 100vw, 1024px\" \/><\/figure>\n\n\n\n<p>Franco ten\u00eda 23 a\u00f1os y trabajaba de alba\u00f1il junto a su padre.<\/p>\n\n\n\n<p>El joven de 23 a\u00f1os sali\u00f3 desde su casa en Florencio Varela el 29 de septiembre de 2014. En tren, se fue hasta Rosario para visitar a su t\u00eda, en lo que era su primera vez en esa ciudad.<\/p>\n\n\n\n<p>Estuvo una semana y el 6 de octubre ten\u00eda planeada la vuelta. Su padre, Ram\u00f3n, lo estaba esperando, ya que juntos realizaban tareas de pintura y alba\u00f1iler\u00eda.<\/p>\n\n\n\n<p>El joven se despidi\u00f3 de su t\u00eda y camin\u00f3 hasta la terminal local. Ten\u00eda un viaje de 6 horas por delante. Al d\u00eda siguiente, la mujer se comunic\u00f3 con su hermano, el pap\u00e1 de Franco, para preguntarle c\u00f3mo hab\u00eda llegado su sobrino. En ese momento se encendieron todas las alarmas. Nadie sab\u00eda d\u00f3nde estaba.<\/p>\n\n\n\n<p>\u201cSe me pasaron muchas cosas por la cabeza\u201d, le dijo Ram\u00f3n a TN. El hombre no lo dud\u00f3 un segundo y de inmediato, con el poco dinero que ten\u00eda, se tom\u00f3 un micro hasta Rosario.<\/p>\n\n\n\n<figure class=\"wp-block-image size-large\"><img loading=\"lazy\" decoding=\"async\" width=\"1024\" height=\"809\" src=\"https:\/\/www.todoeldia.com\/wp-content\/uploads\/2023\/07\/image-74-1024x809.png\" alt=\"\" class=\"wp-image-60926\" srcset=\"https:\/\/www.todoeldia.com\/wp-content\/uploads\/2023\/07\/image-74-1024x809.png 1024w, https:\/\/www.todoeldia.com\/wp-content\/uploads\/2023\/07\/image-74-300x237.png 300w, https:\/\/www.todoeldia.com\/wp-content\/uploads\/2023\/07\/image-74-768x606.png 768w, https:\/\/www.todoeldia.com\/wp-content\/uploads\/2023\/07\/image-74-696x550.png 696w, https:\/\/www.todoeldia.com\/wp-content\/uploads\/2023\/07\/image-74-1068x843.png 1068w, https:\/\/www.todoeldia.com\/wp-content\/uploads\/2023\/07\/image-74-532x420.png 532w, https:\/\/www.todoeldia.com\/wp-content\/uploads\/2023\/07\/image-74.png 1440w\" sizes=\"auto, (max-width: 1024px) 100vw, 1024px\" \/><\/figure>\n\n\n\n<p><strong>La \u00faltima imagen con vida de Franco Casco, tomada en la comisar\u00eda s\u00e9ptima en octubre de 2014<\/strong><\/p>\n\n\n\n<p>El clima all\u00ed era de total incertidumbre y hasta lleg\u00f3 a creer que su hijo estaba paseando por la ciudad, sin imaginar todo el calvario que vendr\u00eda. Con el correr de las horas, ya desesperado, fue hasta una comisar\u00eda de Santa Fe, donde por coincidencia -o no- el joven hab\u00eda estado antes de que su rastro se perdiera.<\/p>\n\n\n\n<p>Lo que se pudo reconstruir de esa noche es que mientras Casco iba camino a la terminal, pronto a regresar a Varela, un vecino llam\u00f3 a la polic\u00eda para avisar que el joven manten\u00eda una actitud sospechosa.<\/p>\n\n\n\n<p>Un m\u00f3vil policial fue hasta el lugar, los efectivos lo subieron al patrullero y lo llevaron a la seccional 7\u00aa. Desde este momento, nadie volvi\u00f3 a verlo. A Ram\u00f3n le dijeron que su hijo estuvo demorado unas horas, pero que luego lo liberaron.<\/p>\n\n\n\n<p>\u201cNos dijeron que lo busquemos por el centro y por las plazas aleda\u00f1as, pero nada\u201d, se\u00f1al\u00f3 indignado. Creyendo en la buena fe de las autoridades, continuaron la b\u00fasqueda desesperada.<\/p>\n\n\n\n<p>Los d\u00edas pasaban y no hab\u00eda se\u00f1ales sobre su paradero, hasta que 24 d\u00edas despu\u00e9s lo encontraron muerto en el r\u00edo Paran\u00e1. La autopsia determin\u00f3 que fue arrojado sin vida y que la fecha del fallecimiento coincide con la de la desaparici\u00f3n. La causa de muerte es asfixia.<\/p>\n\n\n\n<p>A ra\u00edz de eso, las principales sospechas se centraron en los efectivos de la comisar\u00eda s\u00e9ptima, ya que fueron los \u00faltimos que lo vieron con vida. \u201cNadie me supo decir nada, no tuvieron pruebas para demostrar que hab\u00eda salido de la comisar\u00eda\u201d, apunt\u00f3 Ram\u00f3n.<\/p>\n\n\n\n<figure class=\"wp-block-image size-large\"><img loading=\"lazy\" decoding=\"async\" width=\"1024\" height=\"576\" src=\"https:\/\/www.todoeldia.com\/wp-content\/uploads\/2023\/07\/image-75-1024x576.png\" alt=\"\" class=\"wp-image-60927\" srcset=\"https:\/\/www.todoeldia.com\/wp-content\/uploads\/2023\/07\/image-75-1024x576.png 1024w, https:\/\/www.todoeldia.com\/wp-content\/uploads\/2023\/07\/image-75-300x169.png 300w, https:\/\/www.todoeldia.com\/wp-content\/uploads\/2023\/07\/image-75-768x432.png 768w, https:\/\/www.todoeldia.com\/wp-content\/uploads\/2023\/07\/image-75-696x392.png 696w, https:\/\/www.todoeldia.com\/wp-content\/uploads\/2023\/07\/image-75-1068x601.png 1068w, https:\/\/www.todoeldia.com\/wp-content\/uploads\/2023\/07\/image-75-747x420.png 747w, https:\/\/www.todoeldia.com\/wp-content\/uploads\/2023\/07\/image-75.png 1440w\" sizes=\"auto, (max-width: 1024px) 100vw, 1024px\" \/><\/figure>\n\n\n\n<p><strong>El d\u00eda de la sentencia habr\u00e1 una masiva convocatoria en las afueras de los Tribunales Federales<\/strong><\/p>\n\n\n\n<p>\u201cLos polic\u00edas nos dijeron que lo largaron, se quer\u00edan lavar las manos. Ellos dec\u00edan que el 7 lo hab\u00edan liberado, pero nadie les crey\u00f3\u201d, agreg\u00f3.<\/p>\n\n\n\n<p>El juicio por la muerte de Franco Casco<\/p>\n\n\n\n<p>Tras una extensa investigaci\u00f3n, reci\u00e9n en diciembre de 2021 comenz\u00f3 el juicio oral para, por fin, poder determinar qu\u00e9 fue lo que ocurri\u00f3 con Franco.<\/p>\n\n\n\n<p>De acuerdo a lo que le cont\u00f3 el pap\u00e1 de la v\u00edctima a este medio, la Justicia demor\u00f3 7 a\u00f1os en llegar al dictamen. Esto se debe a que las primeras autopsias al cuerpo indicaban que el mismo no pertenec\u00eda a Franco, aunque finalmente se determin\u00f3 que s\u00ed.<\/p>\n\n\n\n<p>En total, 19 polic\u00edas est\u00e1n imputados. Algunos de la comisar\u00eda 7\u00b0 -por la cual pas\u00f3 la v\u00edctima- y otros de Asuntos Internos. Ellos est\u00e1n acusados por los delitos de \u201cencubrimiento, falso testimonio y participaci\u00f3n secundaria en la desaparici\u00f3n\u201d.<\/p>\n\n\n\n<p>En esa seccional, hab\u00eda otros presos alojados esa noche, y por eso declararon en el juicio, el cual tuvo m\u00e1s de 50 jornadas. Ellos se\u00f1alaron que el d\u00eda que lleg\u00f3 el joven se escucharon gritos y golpes. Adem\u00e1s, remarcaron que Franco ped\u00eda desesperadamente que dejaran de pegarle.<\/p>\n","protected":false},"excerpt":{"rendered":"<p>La \u00faltima vez que vieron a Franco Casco con vida fue en una comisar\u00eda. La familia siempre sospech\u00f3 de la polic\u00eda y hay 19 agentes imputados esperando una sentencia. La familia de Franco Casco lo estaba esperando con ansias en la terminal de Retiro, en lo que era la vuelta del viaje que hab\u00eda hecho [&hellip;]<\/p>\n","protected":false},"author":2,"featured_media":60924,"comment_status":"open","ping_status":"open","sticky":false,"template":"","format":"standard","meta":{"tdm_status":"","tdm_grid_status":"","_joinchat":[],"footnotes":""},"categories":[63],"tags":[],"class_list":{"0":"post-60923","1":"post","2":"type-post","3":"status-publish","4":"format-standard","5":"has-post-thumbnail","7":"category-policiales"},"amp_enabled":true,"_links":{"self":[{"href":"https:\/\/www.todoeldia.com\/index.php\/wp-json\/wp\/v2\/posts\/60923","targetHints":{"allow":["GET"]}}],"collection":[{"href":"https:\/\/www.todoeldia.com\/index.php\/wp-json\/wp\/v2\/posts"}],"about":[{"href":"https:\/\/www.todoeldia.com\/index.php\/wp-json\/wp\/v2\/types\/post"}],"author":[{"embeddable":true,"href":"https:\/\/www.todoeldia.com\/index.php\/wp-json\/wp\/v2\/users\/2"}],"replies":[{"embeddable":true,"href":"https:\/\/www.todoeldia.com\/index.php\/wp-json\/wp\/v2\/comments?post=60923"}],"version-history":[{"count":1,"href":"https:\/\/www.todoeldia.com\/index.php\/wp-json\/wp\/v2\/posts\/60923\/revisions"}],"predecessor-version":[{"id":60928,"href":"https:\/\/www.todoeldia.com\/index.php\/wp-json\/wp\/v2\/posts\/60923\/revisions\/60928"}],"wp:featuredmedia":[{"embeddable":true,"href":"https:\/\/www.todoeldia.com\/index.php\/wp-json\/wp\/v2\/media\/60924"}],"wp:attachment":[{"href":"https:\/\/www.todoeldia.com\/index.php\/wp-json\/wp\/v2\/media?parent=60923"}],"wp:term":[{"taxonomy":"category","embeddable":true,"href":"https:\/\/www.todoeldia.com\/index.php\/wp-json\/wp\/v2\/categories?post=60923"},{"taxonomy":"post_tag","embeddable":true,"href":"https:\/\/www.todoeldia.com\/index.php\/wp-json\/wp\/v2\/tags?post=60923"}],"curies":[{"name":"wp","href":"https:\/\/api.w.org\/{rel}","templated":true}]}}