{"id":60943,"date":"2023-07-13T14:55:40","date_gmt":"2023-07-13T17:55:40","guid":{"rendered":"https:\/\/www.todoeldia.com\/?p=60943"},"modified":"2023-07-13T14:56:07","modified_gmt":"2023-07-13T17:56:07","slug":"ahora-imputan-a-javier-saavedra-por-el-robo-a-una-mujer-en-inmediaciones-de-la-unsa","status":"publish","type":"post","link":"https:\/\/www.todoeldia.com\/index.php\/2023\/07\/13\/ahora-imputan-a-javier-saavedra-por-el-robo-a-una-mujer-en-inmediaciones-de-la-unsa\/","title":{"rendered":"Ahora imputan a Javier Saavedra por el robo a una mujer en inmediaciones de la UNSa"},"content":{"rendered":"\n<p>Una mujer que fue v\u00edctima del robo de su mochila con efectos personales en la v\u00eda p\u00fablica, reconoci\u00f3 como suyos un documento nacional de identidad y una tarjeta de SAETA que fueron secuestrados oportunamente en el domicilio de uno de los imputados por el homicidio calificado de Jimena Beatriz Salas.<\/p>\n\n\n\n<p>El fiscal penal 1, Pablo Paz, imput\u00f3 de forma provisional a Javier Nicol\u00e1s Saavedra como autor del delito de robo.<\/p>\n\n\n\n<p>El acusado estuvo acompa\u00f1ado de defensa oficial y prest\u00f3 declaraci\u00f3n.<\/p>\n\n\n\n<p>Las actuaciones fueron giradas a la Fiscal\u00eda Penal 1 por la Unidad Fiscal que investiga el homicidio calificado de Jimena Beatriz Salas, al haberse encontrado en\u00a0 un allanamiento realizado oportunamente en el domicilio del acusado, un documento nacional de identidad y una tarjeta a nombre de una mujer, que al ser entrevistada por los investigadores, las reconoci\u00f3 como suyas y relat\u00f3 que durante el primer semestre de 2018, en fecha imprecisa, fue v\u00edctima del arrebato de su mochila con efectos personales mientras esperaba el colectivo en inmediaciones de la Universidad Nacional de Salta.<\/p>\n\n\n\n<p><\/p>\n","protected":false},"excerpt":{"rendered":"<p>Una mujer que fue v\u00edctima del robo de su mochila con efectos personales en la v\u00eda p\u00fablica, reconoci\u00f3 como suyos un documento nacional de identidad y una tarjeta de SAETA que fueron secuestrados oportunamente en el domicilio de uno de los imputados por el homicidio calificado de Jimena Beatriz Salas. El fiscal penal 1, Pablo [&hellip;]<\/p>\n","protected":false},"author":2,"featured_media":47459,"comment_status":"open","ping_status":"open","sticky":false,"template":"","format":"standard","meta":{"tdm_status":"","tdm_grid_status":"","_joinchat":[],"footnotes":""},"categories":[63],"tags":[],"class_list":{"0":"post-60943","1":"post","2":"type-post","3":"status-publish","4":"format-standard","5":"has-post-thumbnail","7":"category-policiales"},"amp_enabled":true,"_links":{"self":[{"href":"https:\/\/www.todoeldia.com\/index.php\/wp-json\/wp\/v2\/posts\/60943","targetHints":{"allow":["GET"]}}],"collection":[{"href":"https:\/\/www.todoeldia.com\/index.php\/wp-json\/wp\/v2\/posts"}],"about":[{"href":"https:\/\/www.todoeldia.com\/index.php\/wp-json\/wp\/v2\/types\/post"}],"author":[{"embeddable":true,"href":"https:\/\/www.todoeldia.com\/index.php\/wp-json\/wp\/v2\/users\/2"}],"replies":[{"embeddable":true,"href":"https:\/\/www.todoeldia.com\/index.php\/wp-json\/wp\/v2\/comments?post=60943"}],"version-history":[{"count":1,"href":"https:\/\/www.todoeldia.com\/index.php\/wp-json\/wp\/v2\/posts\/60943\/revisions"}],"predecessor-version":[{"id":60944,"href":"https:\/\/www.todoeldia.com\/index.php\/wp-json\/wp\/v2\/posts\/60943\/revisions\/60944"}],"wp:featuredmedia":[{"embeddable":true,"href":"https:\/\/www.todoeldia.com\/index.php\/wp-json\/wp\/v2\/media\/47459"}],"wp:attachment":[{"href":"https:\/\/www.todoeldia.com\/index.php\/wp-json\/wp\/v2\/media?parent=60943"}],"wp:term":[{"taxonomy":"category","embeddable":true,"href":"https:\/\/www.todoeldia.com\/index.php\/wp-json\/wp\/v2\/categories?post=60943"},{"taxonomy":"post_tag","embeddable":true,"href":"https:\/\/www.todoeldia.com\/index.php\/wp-json\/wp\/v2\/tags?post=60943"}],"curies":[{"name":"wp","href":"https:\/\/api.w.org\/{rel}","templated":true}]}}