{"id":61038,"date":"2023-07-15T11:13:19","date_gmt":"2023-07-15T14:13:19","guid":{"rendered":"https:\/\/www.todoeldia.com\/?p=61038"},"modified":"2023-07-15T11:13:21","modified_gmt":"2023-07-15T14:13:21","slug":"el-trichaco-del-chaqueno-palavecino-cada-vez-tiene-menos-figuras-en-el-escenario","status":"publish","type":"post","link":"https:\/\/www.todoeldia.com\/index.php\/2023\/07\/15\/el-trichaco-del-chaqueno-palavecino-cada-vez-tiene-menos-figuras-en-el-escenario\/","title":{"rendered":"El \u201cTrichaco\u201d del Chaque\u00f1o Palavecino cada vez tiene menos figuras en el escenario"},"content":{"rendered":"\n<p>El festival comenz\u00f3 anoche en Santa Victoria Este con la presentaci\u00f3n del grupo cuartetero cordob\u00e9s La Barra, y RodrigoTapari entre los m\u00e1s destacados, mientras que hoy ser\u00e1 el turno de Las Voces de Or\u00e1n, Monchito Merlo, Mart\u00edn Nabor, \u201cPit\u00edn\u201d Salazar, Los Berb\u00e9l, El indio Lucio Rojas, Ternura, Dalmiro Cuellar, Alma Chaque\u00f1a, Ballet Palo Santo y David G\u00f3mez, entre otros.<\/p>\n\n\n\n<p>Ma\u00f1ana domingo 16 de julio el festival contar\u00e1 con la actuaci\u00f3n del Chaque\u00f1o Palavecino, L\u00e1zaro Caballero, Christian Herrera, Nicol\u00e1s Membriani, Emanuel Gabotto y David Tokar.<\/p>\n\n\n\n<p>Tambi\u00e9n estaba previsto para hoy seg\u00fan lo hab\u00eda anunciado Palavecino un partido de futbol con la presencia de Carlos Tevez y Leo Ponzio, pero el jueves la organizaci\u00f3n dio a conocer un comunicado en el que anunciaba que la presencia de los dos futbolistas estaba cancelada.<\/p>\n\n\n\n<p>Desde hace varios a\u00f1os cada vez son menos los artistas destacados que llegan hasta este Festival en el Chaco Salte\u00f1o.<\/p>\n\n\n\n<p>Vale la pena recordar a Soledad, Los Tekis, Sergio Galleguillo, La Renga, Palito Ortega, Leo Dan, Peteco Carabajal, Patricia Sosa, Jairo, Juan Ram\u00f3n, Luciano Pereyra, Los Huayra, Guitarreros, Canto 4, D\u00fao Coplanacu, Los alonsitos, Los Nocheros entre otras figuras que subieron al escenario en el Trichaco.<\/p>\n","protected":false},"excerpt":{"rendered":"<p>El festival comenz\u00f3 anoche en Santa Victoria Este con la presentaci\u00f3n del grupo cuartetero cordob\u00e9s La Barra, y RodrigoTapari entre los m\u00e1s destacados, mientras que hoy ser\u00e1 el turno de Las Voces de Or\u00e1n, Monchito Merlo, Mart\u00edn Nabor, \u201cPit\u00edn\u201d Salazar, Los Berb\u00e9l, El indio Lucio Rojas, Ternura, Dalmiro Cuellar, Alma Chaque\u00f1a, Ballet Palo Santo y [&hellip;]<\/p>\n","protected":false},"author":2,"featured_media":61039,"comment_status":"open","ping_status":"open","sticky":false,"template":"","format":"standard","meta":{"tdm_status":"","tdm_grid_status":"","_joinchat":[],"footnotes":""},"categories":[73],"tags":[],"class_list":{"0":"post-61038","1":"post","2":"type-post","3":"status-publish","4":"format-standard","5":"has-post-thumbnail","7":"category-noticias-general"},"amp_enabled":true,"_links":{"self":[{"href":"https:\/\/www.todoeldia.com\/index.php\/wp-json\/wp\/v2\/posts\/61038","targetHints":{"allow":["GET"]}}],"collection":[{"href":"https:\/\/www.todoeldia.com\/index.php\/wp-json\/wp\/v2\/posts"}],"about":[{"href":"https:\/\/www.todoeldia.com\/index.php\/wp-json\/wp\/v2\/types\/post"}],"author":[{"embeddable":true,"href":"https:\/\/www.todoeldia.com\/index.php\/wp-json\/wp\/v2\/users\/2"}],"replies":[{"embeddable":true,"href":"https:\/\/www.todoeldia.com\/index.php\/wp-json\/wp\/v2\/comments?post=61038"}],"version-history":[{"count":1,"href":"https:\/\/www.todoeldia.com\/index.php\/wp-json\/wp\/v2\/posts\/61038\/revisions"}],"predecessor-version":[{"id":61040,"href":"https:\/\/www.todoeldia.com\/index.php\/wp-json\/wp\/v2\/posts\/61038\/revisions\/61040"}],"wp:featuredmedia":[{"embeddable":true,"href":"https:\/\/www.todoeldia.com\/index.php\/wp-json\/wp\/v2\/media\/61039"}],"wp:attachment":[{"href":"https:\/\/www.todoeldia.com\/index.php\/wp-json\/wp\/v2\/media?parent=61038"}],"wp:term":[{"taxonomy":"category","embeddable":true,"href":"https:\/\/www.todoeldia.com\/index.php\/wp-json\/wp\/v2\/categories?post=61038"},{"taxonomy":"post_tag","embeddable":true,"href":"https:\/\/www.todoeldia.com\/index.php\/wp-json\/wp\/v2\/tags?post=61038"}],"curies":[{"name":"wp","href":"https:\/\/api.w.org\/{rel}","templated":true}]}}