{"id":61047,"date":"2023-07-15T11:35:05","date_gmt":"2023-07-15T14:35:05","guid":{"rendered":"https:\/\/www.todoeldia.com\/?p=61047"},"modified":"2023-07-15T11:35:06","modified_gmt":"2023-07-15T14:35:06","slug":"investigan-los-balances-presentados-por-la-fundacion-saul-acuna-encontraron-un-desfasaje-de-40-millones","status":"publish","type":"post","link":"https:\/\/www.todoeldia.com\/index.php\/2023\/07\/15\/investigan-los-balances-presentados-por-la-fundacion-saul-acuna-encontraron-un-desfasaje-de-40-millones\/","title":{"rendered":"Investigan los balances presentados por la fundaci\u00f3n Sa\u00fal Acu\u00f1a: encontraron un desfasaje de $40 millones"},"content":{"rendered":"\n<p>La Justicia intenta determinar el origen de los fondos en la causa en la que se investiga el delito de lavado de dinero y evasi\u00f3n fiscal.<\/p>\n\n\n\n<p>La Justicia Federal de Chaco investiga los balances de los \u00faltimos a\u00f1os presentados por la fundaci\u00f3n Sa\u00fal Acu\u00f1a, tras encontrar un desfasaje de $40 millones.<\/p>\n\n\n\n<p>La Justicia intenta determinar el origen de los fondos en la causa en la que se investiga el delito de lavado de dinero y evasi\u00f3n fiscal que se origin\u00f3 tras el secuestro de los $6 millones en la casa de la familia Sena ubicada en Santa Mar\u00eda de Oro al 1.460 el pasado viernes 9 de junio, durante el primer allanamiento por el femicidio de Cecilia Strzyzowski.<\/p>\n\n\n\n<p>Seg\u00fan se inform\u00f3 en la prensa local, el desfasaje de los $40 millones corresponder\u00eda a los balances de la Fundaci\u00f3n presentados por Emerenciano Sena y Marcela Acu\u00f1a, en los a\u00f1os 2021-2022.<\/p>\n\n\n\n<p>El incremento entre un a\u00f1o y otro del patrimonio no habr\u00eda tenido explicaci\u00f3n, y es por esto que la Fiscal\u00eda Federal N\u00b01, a cargo del fiscal Patricio Sabadini, ahora tendr\u00e1 que analizar qu\u00e9 fue lo que ocurri\u00f3.<\/p>\n\n\n\n<p>Otro de los puntos que se investigan del patrimonio de la familia Sena es la cantidad de veh\u00edculos que ten\u00edan registrados.<\/p>\n","protected":false},"excerpt":{"rendered":"<p>La Justicia intenta determinar el origen de los fondos en la causa en la que se investiga el delito de lavado de dinero y evasi\u00f3n fiscal. La Justicia Federal de Chaco investiga los balances de los \u00faltimos a\u00f1os presentados por la fundaci\u00f3n Sa\u00fal Acu\u00f1a, tras encontrar un desfasaje de $40 millones. La Justicia intenta determinar [&hellip;]<\/p>\n","protected":false},"author":2,"featured_media":61048,"comment_status":"open","ping_status":"open","sticky":false,"template":"","format":"standard","meta":{"tdm_status":"","tdm_grid_status":"","_joinchat":[],"footnotes":""},"categories":[63],"tags":[],"class_list":{"0":"post-61047","1":"post","2":"type-post","3":"status-publish","4":"format-standard","5":"has-post-thumbnail","7":"category-policiales"},"amp_enabled":true,"_links":{"self":[{"href":"https:\/\/www.todoeldia.com\/index.php\/wp-json\/wp\/v2\/posts\/61047","targetHints":{"allow":["GET"]}}],"collection":[{"href":"https:\/\/www.todoeldia.com\/index.php\/wp-json\/wp\/v2\/posts"}],"about":[{"href":"https:\/\/www.todoeldia.com\/index.php\/wp-json\/wp\/v2\/types\/post"}],"author":[{"embeddable":true,"href":"https:\/\/www.todoeldia.com\/index.php\/wp-json\/wp\/v2\/users\/2"}],"replies":[{"embeddable":true,"href":"https:\/\/www.todoeldia.com\/index.php\/wp-json\/wp\/v2\/comments?post=61047"}],"version-history":[{"count":1,"href":"https:\/\/www.todoeldia.com\/index.php\/wp-json\/wp\/v2\/posts\/61047\/revisions"}],"predecessor-version":[{"id":61049,"href":"https:\/\/www.todoeldia.com\/index.php\/wp-json\/wp\/v2\/posts\/61047\/revisions\/61049"}],"wp:featuredmedia":[{"embeddable":true,"href":"https:\/\/www.todoeldia.com\/index.php\/wp-json\/wp\/v2\/media\/61048"}],"wp:attachment":[{"href":"https:\/\/www.todoeldia.com\/index.php\/wp-json\/wp\/v2\/media?parent=61047"}],"wp:term":[{"taxonomy":"category","embeddable":true,"href":"https:\/\/www.todoeldia.com\/index.php\/wp-json\/wp\/v2\/categories?post=61047"},{"taxonomy":"post_tag","embeddable":true,"href":"https:\/\/www.todoeldia.com\/index.php\/wp-json\/wp\/v2\/tags?post=61047"}],"curies":[{"name":"wp","href":"https:\/\/api.w.org\/{rel}","templated":true}]}}