{"id":61052,"date":"2023-07-15T12:51:13","date_gmt":"2023-07-15T15:51:13","guid":{"rendered":"https:\/\/www.todoeldia.com\/?p=61052"},"modified":"2023-07-15T12:51:25","modified_gmt":"2023-07-15T15:51:25","slug":"murieron-los-2-conductores-de-los-camiones-que-chocaron-de-frente-en-la-ruta-16","status":"publish","type":"post","link":"https:\/\/www.todoeldia.com\/index.php\/2023\/07\/15\/murieron-los-2-conductores-de-los-camiones-que-chocaron-de-frente-en-la-ruta-16\/","title":{"rendered":"Murieron los 2 conductores de los camiones que chocaron de frente en la ruta 16"},"content":{"rendered":"\n<p>Esta madrugada, efectivos de la Direcci\u00f3n de Unidad Regional N\u00b0 5 y peritos en Criminal\u00edstica trabajaron en un siniestro vial protagonizado por dos camiones de gran porte en ruta nacional N\u00b0 16. Los conductores perdieron la vida producto de las lesiones sufridas.<\/p>\n\n\n\n<p>Minutos despu\u00e9s de las 1, un llamado al Sistema de Emergencias 911 alert\u00f3 sobre un siniestro vial ocurrido en ruta nacional N\u00b0 16 altura del kil\u00f3metro 625.<\/p>\n\n\n\n<figure class=\"wp-block-image size-large\"><img loading=\"lazy\" decoding=\"async\" width=\"1024\" height=\"841\" src=\"https:\/\/www.todoeldia.com\/wp-content\/uploads\/2023\/07\/image-96-1024x841.png\" alt=\"\" class=\"wp-image-61054\" srcset=\"https:\/\/www.todoeldia.com\/wp-content\/uploads\/2023\/07\/image-96-1024x841.png 1024w, https:\/\/www.todoeldia.com\/wp-content\/uploads\/2023\/07\/image-96-300x246.png 300w, https:\/\/www.todoeldia.com\/wp-content\/uploads\/2023\/07\/image-96-768x631.png 768w, https:\/\/www.todoeldia.com\/wp-content\/uploads\/2023\/07\/image-96-696x572.png 696w, https:\/\/www.todoeldia.com\/wp-content\/uploads\/2023\/07\/image-96-1068x877.png 1068w, https:\/\/www.todoeldia.com\/wp-content\/uploads\/2023\/07\/image-96-511x420.png 511w, https:\/\/www.todoeldia.com\/wp-content\/uploads\/2023\/07\/image-96.png 1080w\" sizes=\"auto, (max-width: 1024px) 100vw, 1024px\" \/><\/figure>\n\n\n\n<p>Es por ello que se desplazaron recursos al lugar junto a personal de salud, quienes a su arribo constataron que el siniestro hab\u00eda sido protagonizado por dos camiones, uno conducido por un hombre de 37 a\u00f1os oriundo de la provincia de Santa F\u00e9 y el otro guiado por un hombre de 61 a\u00f1os originario del pa\u00eds de Bolivia.<\/p>\n\n\n\n<p>Profesionales de la salud confirmaron que la persona de 37 a\u00f1os perdi\u00f3 la vida en el lugar producto de las lesiones sufridas.<\/p>\n\n\n\n<p>En tanto el hombre de 61 falleci\u00f3 mientras se realizaba el traslado hacia el hospital local.<\/p>\n\n\n\n<p>En el lugar trabajaron peritos en Criminal\u00edstica para documentar el hecho y determinar la mec\u00e1nica del siniestro.<\/p>\n\n\n\n<p>Por el hecho tom\u00f3 intervenci\u00f3n la Fiscal\u00eda Penal delegaci\u00f3n Joaqu\u00edn V\u00edctor Gonzales.<\/p>\n","protected":false},"excerpt":{"rendered":"<p>Esta madrugada, efectivos de la Direcci\u00f3n de Unidad Regional N\u00b0 5 y peritos en Criminal\u00edstica trabajaron en un siniestro vial protagonizado por dos camiones de gran porte en ruta nacional N\u00b0 16. Los conductores perdieron la vida producto de las lesiones sufridas. Minutos despu\u00e9s de las 1, un llamado al Sistema de Emergencias 911 alert\u00f3 [&hellip;]<\/p>\n","protected":false},"author":2,"featured_media":61053,"comment_status":"open","ping_status":"open","sticky":false,"template":"","format":"standard","meta":{"tdm_status":"","tdm_grid_status":"","_joinchat":[],"footnotes":""},"categories":[63],"tags":[],"class_list":{"0":"post-61052","1":"post","2":"type-post","3":"status-publish","4":"format-standard","5":"has-post-thumbnail","7":"category-policiales"},"amp_enabled":true,"_links":{"self":[{"href":"https:\/\/www.todoeldia.com\/index.php\/wp-json\/wp\/v2\/posts\/61052","targetHints":{"allow":["GET"]}}],"collection":[{"href":"https:\/\/www.todoeldia.com\/index.php\/wp-json\/wp\/v2\/posts"}],"about":[{"href":"https:\/\/www.todoeldia.com\/index.php\/wp-json\/wp\/v2\/types\/post"}],"author":[{"embeddable":true,"href":"https:\/\/www.todoeldia.com\/index.php\/wp-json\/wp\/v2\/users\/2"}],"replies":[{"embeddable":true,"href":"https:\/\/www.todoeldia.com\/index.php\/wp-json\/wp\/v2\/comments?post=61052"}],"version-history":[{"count":1,"href":"https:\/\/www.todoeldia.com\/index.php\/wp-json\/wp\/v2\/posts\/61052\/revisions"}],"predecessor-version":[{"id":61055,"href":"https:\/\/www.todoeldia.com\/index.php\/wp-json\/wp\/v2\/posts\/61052\/revisions\/61055"}],"wp:featuredmedia":[{"embeddable":true,"href":"https:\/\/www.todoeldia.com\/index.php\/wp-json\/wp\/v2\/media\/61053"}],"wp:attachment":[{"href":"https:\/\/www.todoeldia.com\/index.php\/wp-json\/wp\/v2\/media?parent=61052"}],"wp:term":[{"taxonomy":"category","embeddable":true,"href":"https:\/\/www.todoeldia.com\/index.php\/wp-json\/wp\/v2\/categories?post=61052"},{"taxonomy":"post_tag","embeddable":true,"href":"https:\/\/www.todoeldia.com\/index.php\/wp-json\/wp\/v2\/tags?post=61052"}],"curies":[{"name":"wp","href":"https:\/\/api.w.org\/{rel}","templated":true}]}}