{"id":61056,"date":"2023-07-15T16:52:06","date_gmt":"2023-07-15T19:52:06","guid":{"rendered":"https:\/\/www.todoeldia.com\/?p=61056"},"modified":"2023-07-15T16:52:08","modified_gmt":"2023-07-15T19:52:08","slug":"dos-detenidos-por-el-atentado-contra-un-productor-agricola-de-embarcacion","status":"publish","type":"post","link":"https:\/\/www.todoeldia.com\/index.php\/2023\/07\/15\/dos-detenidos-por-el-atentado-contra-un-productor-agricola-de-embarcacion\/","title":{"rendered":"Dos detenidos por el atentado contra un productor agr\u00edcola de Embarcaci\u00f3n"},"content":{"rendered":"\n<p>Este viernes, Carlos Starikievich de 71 a\u00f1os result\u00f3 gravemente herido tras recibir disparos que impactaron en su cabeza. Fue derivado en vuelo sanitario a Salta y se encuentra con pron\u00f3stico reservado. Las dos personas detenidas ser\u00e1n imputadas en las pr\u00f3ximas horas.<\/p>\n\n\n\n<p>La fiscal penal Mar\u00eda Soledad Filtrin Cuezzo, interina en la Fiscal\u00eda de la Unidad de Graves Atentados contra las Personas de Or\u00e1n en feria, investiga un hecho ocurrido este viernes en Pichanal, donde un hombre de 71 a\u00f1os recibi\u00f3 disparos que impactaron en su cabeza, poniendo en riesgo su vida.<\/p>\n\n\n\n<p>De las tareas investigativas desplegadas por personal de la Unidad de Investigaci\u00f3n UGAP de Or\u00e1n, se individualiz\u00f3 a dos personas que estar\u00edan vinculadas al hecho, que fueron detenidas y ser\u00e1n imputadas en las pr\u00f3ximas horas.<\/p>\n\n\n\n<p>Seg\u00fan pudo conocerse, el damnificado se encontraba en un campo que arrienda en Pichanal y en circunstancias que se investigan, recibi\u00f3 disparos de arma de fuego que impactaron en su cabeza. Fue trasladado de forma particular al hospital de Embarcaci\u00f3n, desde donde fue trasladado en vuelo sanitario a la ciudad de Salta por la complejidad del caso. Permanece internado en el hospital San Bernardo con pron\u00f3stico reservado.<\/p>\n","protected":false},"excerpt":{"rendered":"<p>Este viernes, Carlos Starikievich de 71 a\u00f1os result\u00f3 gravemente herido tras recibir disparos que impactaron en su cabeza. Fue derivado en vuelo sanitario a Salta y se encuentra con pron\u00f3stico reservado. Las dos personas detenidas ser\u00e1n imputadas en las pr\u00f3ximas horas. La fiscal penal Mar\u00eda Soledad Filtrin Cuezzo, interina en la Fiscal\u00eda de la Unidad [&hellip;]<\/p>\n","protected":false},"author":2,"featured_media":38363,"comment_status":"open","ping_status":"open","sticky":false,"template":"","format":"standard","meta":{"tdm_status":"","tdm_grid_status":"","_joinchat":[],"footnotes":""},"categories":[63],"tags":[],"class_list":{"0":"post-61056","1":"post","2":"type-post","3":"status-publish","4":"format-standard","5":"has-post-thumbnail","7":"category-policiales"},"amp_enabled":true,"_links":{"self":[{"href":"https:\/\/www.todoeldia.com\/index.php\/wp-json\/wp\/v2\/posts\/61056","targetHints":{"allow":["GET"]}}],"collection":[{"href":"https:\/\/www.todoeldia.com\/index.php\/wp-json\/wp\/v2\/posts"}],"about":[{"href":"https:\/\/www.todoeldia.com\/index.php\/wp-json\/wp\/v2\/types\/post"}],"author":[{"embeddable":true,"href":"https:\/\/www.todoeldia.com\/index.php\/wp-json\/wp\/v2\/users\/2"}],"replies":[{"embeddable":true,"href":"https:\/\/www.todoeldia.com\/index.php\/wp-json\/wp\/v2\/comments?post=61056"}],"version-history":[{"count":1,"href":"https:\/\/www.todoeldia.com\/index.php\/wp-json\/wp\/v2\/posts\/61056\/revisions"}],"predecessor-version":[{"id":61057,"href":"https:\/\/www.todoeldia.com\/index.php\/wp-json\/wp\/v2\/posts\/61056\/revisions\/61057"}],"wp:featuredmedia":[{"embeddable":true,"href":"https:\/\/www.todoeldia.com\/index.php\/wp-json\/wp\/v2\/media\/38363"}],"wp:attachment":[{"href":"https:\/\/www.todoeldia.com\/index.php\/wp-json\/wp\/v2\/media?parent=61056"}],"wp:term":[{"taxonomy":"category","embeddable":true,"href":"https:\/\/www.todoeldia.com\/index.php\/wp-json\/wp\/v2\/categories?post=61056"},{"taxonomy":"post_tag","embeddable":true,"href":"https:\/\/www.todoeldia.com\/index.php\/wp-json\/wp\/v2\/tags?post=61056"}],"curies":[{"name":"wp","href":"https:\/\/api.w.org\/{rel}","templated":true}]}}