{"id":61068,"date":"2023-07-16T18:19:58","date_gmt":"2023-07-16T21:19:58","guid":{"rendered":"https:\/\/www.todoeldia.com\/?p=61068"},"modified":"2023-07-16T18:49:29","modified_gmt":"2023-07-16T21:49:29","slug":"nade-se-sabe-aun-del-crimen-de-lucrecia-alegre-de-71-anos-en-su-departamento-de-general-guemes-al-1-700","status":"publish","type":"post","link":"https:\/\/www.todoeldia.com\/index.php\/2023\/07\/16\/nade-se-sabe-aun-del-crimen-de-lucrecia-alegre-de-71-anos-en-su-departamento-de-general-guemes-al-1-700\/","title":{"rendered":"Nada se sabe a\u00fan del crimen de Lucrecia alegre de 71 a\u00f1os en su departamento de General G\u00fcemes al 1.700"},"content":{"rendered":"\n<p>Personal del CIF y de la Brigada de Investigaciones contin\u00faan realizando pericias y recorren el edificio y zonas aleda\u00f1as en busca del arma que se utiliz\u00f3 para el crimen.<\/p>\n\n\n\n<p>La&nbsp;<strong>fiscal penal de la Unidad de Femicidios, M\u00f3nica Poma<\/strong>, investiga la muerte violenta de una mujer de 71 a\u00f1os, reportada durante la tarde de este s\u00e1bado en un domicilio de la zona macrocentro de la ciudad de Salta.<\/p>\n\n\n\n<p>Al tomar intervenci\u00f3n, la Fiscal se hizo presente en el lugar, desde donde coordin\u00f3 el trabajo del personal de Criminal\u00edstica del CIF, de la Polic\u00eda de la Provincia y de la Unidad de Investigaci\u00f3n UGAP del distrito Centro para realizar las tareas de rigor en el lugar y todas aquellas tendientes a lograr el esclarecimiento del hecho, tales como pericias sobre los elementos secuestrados, an\u00e1lisis de c\u00e1maras de seguridad, relevamiento de testigos y otros, a lo que se sumar\u00e1 el informe de autopsia.<\/p>\n\n\n\n<p>El hallazgo del cuerpo de Lucrecia Alegre de 71 a\u00f1os se produjo ayer cerca del mediod\u00eda cuando un llamado al 911 alert\u00f3 a la Polic\u00eda que en un departamento del edificio de General G\u00fcemes al 1700 hab\u00eda una mujer sin vida.<\/p>\n\n\n\n<p>Un familiar de la mujer cuando ingreso a la propiedad la encontr\u00f3 tendida en el sueldo y sin signos vitales y al parecer tendr\u00eda una herida en el cuello, aunque a\u00fan no hay informaci\u00f3n oficial al respecto.<\/p>\n","protected":false},"excerpt":{"rendered":"<p>Personal del CIF y de la Brigada de Investigaciones contin\u00faan realizando pericias y recorren el edificio y zonas aleda\u00f1as en busca del arma que se utiliz\u00f3 para el crimen. La&nbsp;fiscal penal de la Unidad de Femicidios, M\u00f3nica Poma, investiga la muerte violenta de una mujer de 71 a\u00f1os, reportada durante la tarde de este s\u00e1bado [&hellip;]<\/p>\n","protected":false},"author":2,"featured_media":61069,"comment_status":"open","ping_status":"open","sticky":false,"template":"","format":"standard","meta":{"tdm_status":"","tdm_grid_status":"","_joinchat":[],"footnotes":""},"categories":[63],"tags":[],"class_list":{"0":"post-61068","1":"post","2":"type-post","3":"status-publish","4":"format-standard","5":"has-post-thumbnail","7":"category-policiales"},"amp_enabled":true,"_links":{"self":[{"href":"https:\/\/www.todoeldia.com\/index.php\/wp-json\/wp\/v2\/posts\/61068","targetHints":{"allow":["GET"]}}],"collection":[{"href":"https:\/\/www.todoeldia.com\/index.php\/wp-json\/wp\/v2\/posts"}],"about":[{"href":"https:\/\/www.todoeldia.com\/index.php\/wp-json\/wp\/v2\/types\/post"}],"author":[{"embeddable":true,"href":"https:\/\/www.todoeldia.com\/index.php\/wp-json\/wp\/v2\/users\/2"}],"replies":[{"embeddable":true,"href":"https:\/\/www.todoeldia.com\/index.php\/wp-json\/wp\/v2\/comments?post=61068"}],"version-history":[{"count":2,"href":"https:\/\/www.todoeldia.com\/index.php\/wp-json\/wp\/v2\/posts\/61068\/revisions"}],"predecessor-version":[{"id":61078,"href":"https:\/\/www.todoeldia.com\/index.php\/wp-json\/wp\/v2\/posts\/61068\/revisions\/61078"}],"wp:featuredmedia":[{"embeddable":true,"href":"https:\/\/www.todoeldia.com\/index.php\/wp-json\/wp\/v2\/media\/61069"}],"wp:attachment":[{"href":"https:\/\/www.todoeldia.com\/index.php\/wp-json\/wp\/v2\/media?parent=61068"}],"wp:term":[{"taxonomy":"category","embeddable":true,"href":"https:\/\/www.todoeldia.com\/index.php\/wp-json\/wp\/v2\/categories?post=61068"},{"taxonomy":"post_tag","embeddable":true,"href":"https:\/\/www.todoeldia.com\/index.php\/wp-json\/wp\/v2\/tags?post=61068"}],"curies":[{"name":"wp","href":"https:\/\/api.w.org\/{rel}","templated":true}]}}