{"id":6129,"date":"2020-09-18T21:11:05","date_gmt":"2020-09-19T00:11:05","guid":{"rendered":"https:\/\/www.todoeldia.com\/?p=6129"},"modified":"2020-09-18T21:11:06","modified_gmt":"2020-09-19T00:11:06","slug":"jujuy-cierra-el-viernes-con-256-nuevos-casos-de-coronavirus-y-11-fallecidos","status":"publish","type":"post","link":"https:\/\/www.todoeldia.com\/index.php\/2020\/09\/18\/jujuy-cierra-el-viernes-con-256-nuevos-casos-de-coronavirus-y-11-fallecidos\/","title":{"rendered":"Jujuy cierra el viernes con 256 nuevos casos de coronavirus y 11 fallecidos"},"content":{"rendered":"\n<p>La provincia acumula 13.620 casos de Covid-19 desde el inicio de la pandemia. Adem\u00e1s, 6.675 se recuperaron de la enfermedad y 415 fallecieron.<\/p>\n\n\n\n<p>La Subdirecci\u00f3n de Epidemiolog\u00eda inform\u00f3 que&nbsp;este viernes se confirmaron 256 nuevos casos de COVID-19 en la provincia y recibieron el alta m\u00e9dica 129 pacientes.<\/p>\n\n\n\n<p>Estado de situaci\u00f3n desde el inicio de la pandemia:<\/p>\n\n\n\n<p>Hasta el momento se realizaron 36.850 tests PCR en toda la provincia, arrojando&nbsp;un total de 13.620 casos positivos. Se recuperaron de la enfermedad 6.675 y fallecieron 415 personas.<\/p>\n\n\n\n<p>Los casos activos a la fecha son 6.510.<\/p>\n\n\n\n<p>Detalle de casos positivos seg\u00fan localidad:<\/p>\n\n\n\n<p>San Salvador de Jujuy 108<\/p>\n\n\n\n<p>San Pedro 52<\/p>\n\n\n\n<p>Palpal\u00e1 16<\/p>\n\n\n\n<p>Perico 13<\/p>\n\n\n\n<p>El Carmen 12<\/p>\n\n\n\n<p>Humahuaca 8<\/p>\n\n\n\n<p>El Talar 7<\/p>\n\n\n\n<p>Tilcara&nbsp; 7<\/p>\n\n\n\n<p>La Esperanza 5<\/p>\n\n\n\n<p>Libertador Gral. San Mart\u00edn 4<\/p>\n\n\n\n<p>Abra Pampa 3<\/p>\n\n\n\n<p>Caimancito 3<\/p>\n\n\n\n<p>Volc\u00e1n 3<\/p>\n\n\n\n<p>La Quiaca 2<\/p>\n\n\n\n<p>Yala 2<\/p>\n\n\n\n<p>Yuto 2<\/p>\n\n\n\n<p>Calilegua&nbsp; 1<\/p>\n\n\n\n<p>El Fuerte 1<\/p>\n\n\n\n<p>La Mendieta 1<\/p>\n\n\n\n<p>Monterrico 1<\/p>\n\n\n\n<p>Palma Sola 1<\/p>\n\n\n\n<p>Purmamarca 1<\/p>\n\n\n\n<p>Rosario de R\u00edo Grande&nbsp; 1<\/p>\n\n\n\n<p>Santa Clara 1<\/p>\n\n\n\n<p>Tumbaya&nbsp; 1<\/p>\n\n\n\n<p>Adem\u00e1s,&nbsp;este viernes se registraron 11 fallecimientos por Covid-19: ocho hombres y tres mujeres de entre 55 y 84 a\u00f1os de edad.<\/p>\n","protected":false},"excerpt":{"rendered":"<p>La provincia acumula 13.620 casos de Covid-19 desde el inicio de la pandemia. Adem\u00e1s, 6.675 se recuperaron de la enfermedad y 415 fallecieron. La Subdirecci\u00f3n de Epidemiolog\u00eda inform\u00f3 que&nbsp;este viernes se confirmaron 256 nuevos casos de COVID-19 en la provincia y recibieron el alta m\u00e9dica 129 pacientes. Estado de situaci\u00f3n desde el inicio de la [&hellip;]<\/p>\n","protected":false},"author":2,"featured_media":6133,"comment_status":"open","ping_status":"open","sticky":false,"template":"","format":"standard","meta":{"tdm_status":"","tdm_grid_status":"","_joinchat":[],"footnotes":""},"categories":[65],"tags":[],"class_list":{"0":"post-6129","1":"post","2":"type-post","3":"status-publish","4":"format-standard","5":"has-post-thumbnail","7":"category-coronavirus"},"amp_enabled":true,"_links":{"self":[{"href":"https:\/\/www.todoeldia.com\/index.php\/wp-json\/wp\/v2\/posts\/6129","targetHints":{"allow":["GET"]}}],"collection":[{"href":"https:\/\/www.todoeldia.com\/index.php\/wp-json\/wp\/v2\/posts"}],"about":[{"href":"https:\/\/www.todoeldia.com\/index.php\/wp-json\/wp\/v2\/types\/post"}],"author":[{"embeddable":true,"href":"https:\/\/www.todoeldia.com\/index.php\/wp-json\/wp\/v2\/users\/2"}],"replies":[{"embeddable":true,"href":"https:\/\/www.todoeldia.com\/index.php\/wp-json\/wp\/v2\/comments?post=6129"}],"version-history":[{"count":1,"href":"https:\/\/www.todoeldia.com\/index.php\/wp-json\/wp\/v2\/posts\/6129\/revisions"}],"predecessor-version":[{"id":6134,"href":"https:\/\/www.todoeldia.com\/index.php\/wp-json\/wp\/v2\/posts\/6129\/revisions\/6134"}],"wp:featuredmedia":[{"embeddable":true,"href":"https:\/\/www.todoeldia.com\/index.php\/wp-json\/wp\/v2\/media\/6133"}],"wp:attachment":[{"href":"https:\/\/www.todoeldia.com\/index.php\/wp-json\/wp\/v2\/media?parent=6129"}],"wp:term":[{"taxonomy":"category","embeddable":true,"href":"https:\/\/www.todoeldia.com\/index.php\/wp-json\/wp\/v2\/categories?post=6129"},{"taxonomy":"post_tag","embeddable":true,"href":"https:\/\/www.todoeldia.com\/index.php\/wp-json\/wp\/v2\/tags?post=6129"}],"curies":[{"name":"wp","href":"https:\/\/api.w.org\/{rel}","templated":true}]}}