{"id":61341,"date":"2023-07-20T11:20:59","date_gmt":"2023-07-20T14:20:59","guid":{"rendered":"https:\/\/www.todoeldia.com\/?p=61341"},"modified":"2023-07-20T11:21:02","modified_gmt":"2023-07-20T14:21:02","slug":"detuvieron-a-un-hombre-por-atar-de-manos-y-pies-amordazar-y-estrangular-a-una-maestra-en-su-casa","status":"publish","type":"post","link":"https:\/\/www.todoeldia.com\/index.php\/2023\/07\/20\/detuvieron-a-un-hombre-por-atar-de-manos-y-pies-amordazar-y-estrangular-a-una-maestra-en-su-casa\/","title":{"rendered":"Detuvieron a un hombre por atar de manos y pies, amordazar y estrangular a una maestra en su casa"},"content":{"rendered":"\n<p>Encontraron ADN del sospechoso en algunos elementos hallados en la escena del crimen.<\/p>\n\n\n\n<p>Ana Mar\u00eda Aristimu\u00f1o ten\u00eda 54 a\u00f1os, se desempe\u00f1aba como docente en la Escuela 47 de Trenque Lauquen, militaba en el Partido Justicialista local y fue hallada ahorcada con un cord\u00f3n en su cuello y amordazada en su casa ubicada en la localidad de Trenque Lauquen en abril de este a\u00f1o. A casi tres meses de su femicidio, la causa -que comenz\u00f3 siendo investigada como \u201caveriguaci\u00f3n de causales de muerte\u201d- est\u00e1 cerca de esclarecerse.<\/p>\n\n\n\n<p>Resulta que en las \u00faltimas horas, Mario Luis Pereyra, de 40 a\u00f1os, fue detenido como sospechoso del crimen de la docente debido a las muestras de ADN que fueron encontradas en el lugar del hecho. Seg\u00fan trascendi\u00f3, el acusado carga sobre su lomo varias causas de violencia de g\u00e9nero e inclusive estuvo detenido durante dos d\u00e9cadas tras ser condenado a perpetua en 2001, por el crimen de una almacenera.<\/p>\n\n\n\n<p>Fue en 2022 que Pereyra fue beneficiado con una libertad condicional y ahora enfrenta una acusaci\u00f3n por el \u201chomicidio doblemente agravado por violencia de g\u00e9nero y criminis causa\u201d de Aristimu\u00f1o. Del caso intervino la Unidad Funcional de Instrucci\u00f3n (UFI) 4 de Trenque Lauquen, a cargo de Karina Tallarico, quien horas despu\u00e9s de la muerte de Ana Mar\u00eda comenz\u00f3 a investigar el crimen como presunto femicidio debido a las condiciones en las que fue hallada la v\u00edctima.<\/p>\n\n\n\n<p>Sin ir m\u00e1s lejos, la mujer fue encontrada por su hermana amordazada, atada y con claras se\u00f1ales de haber sido asfixiada. Los investigadores, adem\u00e1s, sostienen que no hab\u00eda signos de robo en su casa, ya que se hallaba ordenada y sin aberturas forzadas o rotas. Seg\u00fan trascendi\u00f3, la v\u00edctima conviv\u00eda en el domicilio junto a su padre, quien no se encontraba al momento del hallazgo ya que permanec\u00eda internado en un hospital de la zona. En este contexto, los investigadores manifestaron que la principal hip\u00f3tesis del hecho radica en que se tratar\u00eda de un femicidio y a partir de ah\u00ed, comenzaron a investigar al entorno de la v\u00edctima para poder encontrar al autor del crimen.<\/p>\n\n\n\n<p>El sospechoso hab\u00eda sido detenido en mayo \u00faltimo a pedido de la fiscal de la causa, ante una serie de indicios que lo vinculaban al hecho. De esta manera fue procesado con prisi\u00f3n preventiva por el Juzgado de Garant\u00edas de Trenque Lauquen, el cual fue apelado por el defensor Horacio Samam\u00e9.<\/p>\n\n\n\n<p>La C\u00e1mara de Apelaciones y Garant\u00edas en lo Penal convalid\u00f3 la presentaci\u00f3n del letrado y Pereyra fue excarcelado al mes siguiente por cuestiones procesales, pero continu\u00f3 siendo imputado e investigado. Seg\u00fan las fuentes, la fiscal Talarico recibi\u00f3 un informe del examen de ADN encontrado sobre algunos elementos hallados en la escena del crimen, entre ellos una soga que la v\u00edctima ten\u00eda atada en sus manos y un pa\u00f1uelo con el cual le hab\u00edan efectuado el estrangulamiento.<\/p>\n\n\n\n<p>Ese estudio gen\u00e9tico realizado en la Asesor\u00eda Pericial de Jun\u00edn determin\u00f3 que los rastros pertenec\u00edan a Pereyra, por lo que hoy fue nuevamente detenido e indagado por la funcionaria judicial. Samam\u00e9 dijo que su cliente neg\u00f3 su participaci\u00f3n en el hecho y que tambi\u00e9n asegur\u00f3 que nunca estuvo en la vivienda de Aristimu\u00f1o, apodada por sus compa\u00f1eras y familiares como &#8220;Anita&#8221;.<\/p>\n","protected":false},"excerpt":{"rendered":"<p>Encontraron ADN del sospechoso en algunos elementos hallados en la escena del crimen. Ana Mar\u00eda Aristimu\u00f1o ten\u00eda 54 a\u00f1os, se desempe\u00f1aba como docente en la Escuela 47 de Trenque Lauquen, militaba en el Partido Justicialista local y fue hallada ahorcada con un cord\u00f3n en su cuello y amordazada en su casa ubicada en la localidad [&hellip;]<\/p>\n","protected":false},"author":2,"featured_media":61342,"comment_status":"open","ping_status":"open","sticky":false,"template":"","format":"standard","meta":{"tdm_status":"","tdm_grid_status":"","_joinchat":[],"footnotes":""},"categories":[63],"tags":[],"class_list":{"0":"post-61341","1":"post","2":"type-post","3":"status-publish","4":"format-standard","5":"has-post-thumbnail","7":"category-policiales"},"amp_enabled":true,"_links":{"self":[{"href":"https:\/\/www.todoeldia.com\/index.php\/wp-json\/wp\/v2\/posts\/61341","targetHints":{"allow":["GET"]}}],"collection":[{"href":"https:\/\/www.todoeldia.com\/index.php\/wp-json\/wp\/v2\/posts"}],"about":[{"href":"https:\/\/www.todoeldia.com\/index.php\/wp-json\/wp\/v2\/types\/post"}],"author":[{"embeddable":true,"href":"https:\/\/www.todoeldia.com\/index.php\/wp-json\/wp\/v2\/users\/2"}],"replies":[{"embeddable":true,"href":"https:\/\/www.todoeldia.com\/index.php\/wp-json\/wp\/v2\/comments?post=61341"}],"version-history":[{"count":1,"href":"https:\/\/www.todoeldia.com\/index.php\/wp-json\/wp\/v2\/posts\/61341\/revisions"}],"predecessor-version":[{"id":61343,"href":"https:\/\/www.todoeldia.com\/index.php\/wp-json\/wp\/v2\/posts\/61341\/revisions\/61343"}],"wp:featuredmedia":[{"embeddable":true,"href":"https:\/\/www.todoeldia.com\/index.php\/wp-json\/wp\/v2\/media\/61342"}],"wp:attachment":[{"href":"https:\/\/www.todoeldia.com\/index.php\/wp-json\/wp\/v2\/media?parent=61341"}],"wp:term":[{"taxonomy":"category","embeddable":true,"href":"https:\/\/www.todoeldia.com\/index.php\/wp-json\/wp\/v2\/categories?post=61341"},{"taxonomy":"post_tag","embeddable":true,"href":"https:\/\/www.todoeldia.com\/index.php\/wp-json\/wp\/v2\/tags?post=61341"}],"curies":[{"name":"wp","href":"https:\/\/api.w.org\/{rel}","templated":true}]}}