{"id":61344,"date":"2023-07-21T09:57:28","date_gmt":"2023-07-21T12:57:28","guid":{"rendered":"https:\/\/www.todoeldia.com\/?p=61344"},"modified":"2023-07-21T09:57:30","modified_gmt":"2023-07-21T12:57:30","slug":"imputaron-a-la-sospechosa-de-haber-sustraido-la-beba-del-hospital-de-tartagal","status":"publish","type":"post","link":"https:\/\/www.todoeldia.com\/index.php\/2023\/07\/21\/imputaron-a-la-sospechosa-de-haber-sustraido-la-beba-del-hospital-de-tartagal\/","title":{"rendered":"Imputaron a la sospechosa de haber sustra\u00eddo la beba del hospital de Tartagal"},"content":{"rendered":"\n<p>La beba fue sustra\u00edda del Hospital Juan Per\u00f3n el pasado 14 de julio y encontrada al d\u00eda siguiente en un lugar abandonado. Una mujer fue detenida ayer a la ma\u00f1ana.<\/p>\n\n\n\n<p>La Unidad Fiscal designada por el procurador general de Salta, Pedro Garc\u00eda Castiella, conformada por los fiscales penales Rafael Jos\u00e9 Medina, Pablo Cabot y Lorena Mart\u00ednez, imput\u00f3 provisionalmente a una mujer de 25 a\u00f1os, por la supuesta comisi\u00f3n del delito de sustracci\u00f3n de menores, previsto en el Art\u00edculo 146 del C\u00f3digo Penal. A la mujer, que fue asistida por la Defensa oficial, se le hizo conocer la participaci\u00f3n que se le atribuye, tras lo cual manifest\u00f3 su voluntad de no prestar declaraci\u00f3n, ni responder a consultas.<\/p>\n\n\n\n<p>Las actuaciones dan cuenta que en fecha 14 de julio de 2023 entre las 5:30 y las 07:00 aproximadamente, la imputada se encontraba en el Hospital Juan Domingo Per\u00f3n de la ciudad de Tartagal e ingres\u00f3 a una habitaci\u00f3n de la sala de maternidad, donde se encontraba una pareja que hab\u00eda dado a luz a una ni\u00f1a el d\u00eda anterior. Una vez en el interior de la habitaci\u00f3n, la mujer habr\u00eda sustra\u00eddo a la beb\u00e9, llev\u00e1ndosela fuera del nosocomio aprovechando que los padres de la menor se hab\u00edan dirigido al ba\u00f1o.<\/p>\n\n\n\n<p>Al d\u00eda siguiente, alrededor de las 01,05 la menor sustra\u00edda fue encontraba en una vivienda abandonada ubicada sobre calle Los Quebrachos al final en un asentamiento del B\u00b0 Roberto Romero de esta ciudad de Tartagal.<\/p>\n\n\n\n<p>Tras las constataciones efectuadas en el marco de las actuaciones, la Unidad Fiscal solicit\u00f3 se mantenga la detenci\u00f3n de la imputada y se dispuso la reserva total de actuaciones.<\/p>\n","protected":false},"excerpt":{"rendered":"<p>La beba fue sustra\u00edda del Hospital Juan Per\u00f3n el pasado 14 de julio y encontrada al d\u00eda siguiente en un lugar abandonado. Una mujer fue detenida ayer a la ma\u00f1ana. La Unidad Fiscal designada por el procurador general de Salta, Pedro Garc\u00eda Castiella, conformada por los fiscales penales Rafael Jos\u00e9 Medina, Pablo Cabot y Lorena [&hellip;]<\/p>\n","protected":false},"author":2,"featured_media":27066,"comment_status":"open","ping_status":"open","sticky":false,"template":"","format":"standard","meta":{"tdm_status":"","tdm_grid_status":"","_joinchat":[],"footnotes":""},"categories":[63],"tags":[],"class_list":{"0":"post-61344","1":"post","2":"type-post","3":"status-publish","4":"format-standard","5":"has-post-thumbnail","7":"category-policiales"},"amp_enabled":true,"_links":{"self":[{"href":"https:\/\/www.todoeldia.com\/index.php\/wp-json\/wp\/v2\/posts\/61344","targetHints":{"allow":["GET"]}}],"collection":[{"href":"https:\/\/www.todoeldia.com\/index.php\/wp-json\/wp\/v2\/posts"}],"about":[{"href":"https:\/\/www.todoeldia.com\/index.php\/wp-json\/wp\/v2\/types\/post"}],"author":[{"embeddable":true,"href":"https:\/\/www.todoeldia.com\/index.php\/wp-json\/wp\/v2\/users\/2"}],"replies":[{"embeddable":true,"href":"https:\/\/www.todoeldia.com\/index.php\/wp-json\/wp\/v2\/comments?post=61344"}],"version-history":[{"count":1,"href":"https:\/\/www.todoeldia.com\/index.php\/wp-json\/wp\/v2\/posts\/61344\/revisions"}],"predecessor-version":[{"id":61345,"href":"https:\/\/www.todoeldia.com\/index.php\/wp-json\/wp\/v2\/posts\/61344\/revisions\/61345"}],"wp:featuredmedia":[{"embeddable":true,"href":"https:\/\/www.todoeldia.com\/index.php\/wp-json\/wp\/v2\/media\/27066"}],"wp:attachment":[{"href":"https:\/\/www.todoeldia.com\/index.php\/wp-json\/wp\/v2\/media?parent=61344"}],"wp:term":[{"taxonomy":"category","embeddable":true,"href":"https:\/\/www.todoeldia.com\/index.php\/wp-json\/wp\/v2\/categories?post=61344"},{"taxonomy":"post_tag","embeddable":true,"href":"https:\/\/www.todoeldia.com\/index.php\/wp-json\/wp\/v2\/tags?post=61344"}],"curies":[{"name":"wp","href":"https:\/\/api.w.org\/{rel}","templated":true}]}}