{"id":61354,"date":"2023-07-21T10:29:02","date_gmt":"2023-07-21T13:29:02","guid":{"rendered":"https:\/\/www.todoeldia.com\/?p=61354"},"modified":"2023-07-21T10:29:41","modified_gmt":"2023-07-21T13:29:41","slug":"intensa-busqueda-de-un-nene-de-18-meses-en-san-carlos","status":"publish","type":"post","link":"https:\/\/www.todoeldia.com\/index.php\/2023\/07\/21\/intensa-busqueda-de-un-nene-de-18-meses-en-san-carlos\/","title":{"rendered":"Intensa b\u00fasqueda de un nene de 18 meses en San Carlos"},"content":{"rendered":"\n<p>La Polic\u00eda de Salta, despliega un importante operativo de b\u00fasqueda de un ni\u00f1o en el Paraje San Rafael en la localidad de San Carlos. Del mismo participan \u00e1reas operativas e investigativas quienes realizan rastrillajes para dar con el peque\u00f1o, quien fue visto por \u00faltima vez en la tarde de ayer.\u00a0<\/p>\n\n\n\n<figure class=\"wp-block-image size-full is-resized\"><img loading=\"lazy\" decoding=\"async\" src=\"https:\/\/www.todoeldia.com\/wp-content\/uploads\/2023\/07\/image-129.png\" alt=\"\" class=\"wp-image-61357\" width=\"1029\" height=\"1867\"\/><\/figure>\n\n\n\n<p>Anoche, cerca de las 21, efectivos de la Sub comisaria San Carlos fueron alertados por una mujer de 24 a\u00f1os residente del paraje San Rafael, distante a 15 kil\u00f3metros de esa localidad. Desde horas de la tarde que no ubica a su hijo de un a\u00f1o y seis meses, la \u00faltima vez fue visto jugando cerca de unos de los corrales de la familia.<\/p>\n\n\n\n<figure class=\"wp-block-image size-full is-resized\"><img loading=\"lazy\" decoding=\"async\" src=\"https:\/\/www.todoeldia.com\/wp-content\/uploads\/2023\/07\/image-130.png\" alt=\"\" class=\"wp-image-61358\" width=\"1028\" height=\"2330\"\/><\/figure>\n\n\n\n<p>Inmediatamente, se activ\u00f3 el protocolo de b\u00fasqueda de personas y desde la Direcci\u00f3n de Unidad Regional N\u00b0 6 se coordinaron acciones para ubicar al ni\u00f1o, desplegando un intenso operativo.<\/p>\n\n\n\n<p>De la b\u00fasqueda participan efectivos de Cafayate, Animan\u00e1, San Carlos, la Divisi\u00f3n Lacustre y Fluvial, Brigada de Investigaciones, canes especializados en rastreo, Bomberos Voluntarios, junto a familiares.<\/p>\n","protected":false},"excerpt":{"rendered":"<p>La Polic\u00eda de Salta, despliega un importante operativo de b\u00fasqueda de un ni\u00f1o en el Paraje San Rafael en la localidad de San Carlos. Del mismo participan \u00e1reas operativas e investigativas quienes realizan rastrillajes para dar con el peque\u00f1o, quien fue visto por \u00faltima vez en la tarde de ayer.\u00a0 Anoche, cerca de las 21, [&hellip;]<\/p>\n","protected":false},"author":2,"featured_media":61355,"comment_status":"open","ping_status":"open","sticky":false,"template":"","format":"standard","meta":{"tdm_status":"","tdm_grid_status":"","_joinchat":[],"footnotes":""},"categories":[63],"tags":[],"class_list":{"0":"post-61354","1":"post","2":"type-post","3":"status-publish","4":"format-standard","5":"has-post-thumbnail","7":"category-policiales"},"amp_enabled":true,"_links":{"self":[{"href":"https:\/\/www.todoeldia.com\/index.php\/wp-json\/wp\/v2\/posts\/61354","targetHints":{"allow":["GET"]}}],"collection":[{"href":"https:\/\/www.todoeldia.com\/index.php\/wp-json\/wp\/v2\/posts"}],"about":[{"href":"https:\/\/www.todoeldia.com\/index.php\/wp-json\/wp\/v2\/types\/post"}],"author":[{"embeddable":true,"href":"https:\/\/www.todoeldia.com\/index.php\/wp-json\/wp\/v2\/users\/2"}],"replies":[{"embeddable":true,"href":"https:\/\/www.todoeldia.com\/index.php\/wp-json\/wp\/v2\/comments?post=61354"}],"version-history":[{"count":2,"href":"https:\/\/www.todoeldia.com\/index.php\/wp-json\/wp\/v2\/posts\/61354\/revisions"}],"predecessor-version":[{"id":61360,"href":"https:\/\/www.todoeldia.com\/index.php\/wp-json\/wp\/v2\/posts\/61354\/revisions\/61360"}],"wp:featuredmedia":[{"embeddable":true,"href":"https:\/\/www.todoeldia.com\/index.php\/wp-json\/wp\/v2\/media\/61355"}],"wp:attachment":[{"href":"https:\/\/www.todoeldia.com\/index.php\/wp-json\/wp\/v2\/media?parent=61354"}],"wp:term":[{"taxonomy":"category","embeddable":true,"href":"https:\/\/www.todoeldia.com\/index.php\/wp-json\/wp\/v2\/categories?post=61354"},{"taxonomy":"post_tag","embeddable":true,"href":"https:\/\/www.todoeldia.com\/index.php\/wp-json\/wp\/v2\/tags?post=61354"}],"curies":[{"name":"wp","href":"https:\/\/api.w.org\/{rel}","templated":true}]}}