{"id":61471,"date":"2023-07-22T20:05:18","date_gmt":"2023-07-22T23:05:18","guid":{"rendered":"https:\/\/www.todoeldia.com\/?p=61471"},"modified":"2023-07-22T20:05:39","modified_gmt":"2023-07-22T23:05:39","slug":"arde-la-interna-en-jxc-por-luciana-geuna","status":"publish","type":"post","link":"https:\/\/www.todoeldia.com\/index.php\/2023\/07\/22\/arde-la-interna-en-jxc-por-luciana-geuna\/","title":{"rendered":"Arde la interna en JxC. \u00a0Por Luciana Geuna"},"content":{"rendered":"\n<p>En Juntos por el Cambio no hay manera de ponerse de acuerdo. El jefe de Gobierno porte\u00f1o est\u00e1 aliviado despu\u00e9s de muchos d\u00edas de extrema tensi\u00f3n y las negociaciones para compartir la sede de campa\u00f1a est\u00e1n cada d\u00eda m\u00e1s complicadas.<\/p>\n\n\n\n<p>\u00a0\u201cEst\u00e1n todos ciegos. Caminan sin ver. Nadie sabe c\u00f3mo termina esto\u201d. El que habla es un dirigente que trata de no salir quemado en la batalla incineradora de Juntos por el Cambio.<\/p>\n\n\n\n<figure class=\"wp-block-image size-large\"><img loading=\"lazy\" decoding=\"async\" width=\"1024\" height=\"573\" src=\"https:\/\/www.todoeldia.com\/wp-content\/uploads\/2023\/07\/image-147-1024x573.png\" alt=\"\" class=\"wp-image-61473\" srcset=\"https:\/\/www.todoeldia.com\/wp-content\/uploads\/2023\/07\/image-147-1024x573.png 1024w, https:\/\/www.todoeldia.com\/wp-content\/uploads\/2023\/07\/image-147-300x168.png 300w, https:\/\/www.todoeldia.com\/wp-content\/uploads\/2023\/07\/image-147-768x430.png 768w, https:\/\/www.todoeldia.com\/wp-content\/uploads\/2023\/07\/image-147-696x390.png 696w, https:\/\/www.todoeldia.com\/wp-content\/uploads\/2023\/07\/image-147-1068x598.png 1068w, https:\/\/www.todoeldia.com\/wp-content\/uploads\/2023\/07\/image-147-750x420.png 750w, https:\/\/www.todoeldia.com\/wp-content\/uploads\/2023\/07\/image-147.png 1440w\" sizes=\"auto, (max-width: 1024px) 100vw, 1024px\" \/><\/figure>\n\n\n\n<p>Despu\u00e9s de Santa Fe, todos creen que lo ideal es la paz pero no llega. Cuando faltan tres semanas para las elecciones, ya hay tensi\u00f3n hasta por el centro de campa\u00f1a de las PASO. Mauricio Macri, desde el exterior, baj\u00f3 la orden de que sea unificado. Hay tres personas sentadas a esa mesa de decisi\u00f3n: Fernando De Andreis, por los Macri; Juan Pablo Arenaza, por Patricia; y Federico Di Benedetto, por Larreta.<\/p>\n\n\n\n<p>En JxC, no hay manera de ponerse de acuerdo<\/p>\n\n\n\n<p>\u201cSomos como hijos de padres separados. Esperamos que pap\u00e1 y mam\u00e1 se pongan de acuerdo para organizar las fiestas, pero todav\u00eda es dif\u00edcil\u201d, dice un armador porte\u00f1o. \u201cTenemos la esperanza de pasar Navidad y A\u00f1o Nuevo juntos\u201d.<\/p>\n\n\n\n<p>Hay operadores muy experimentados que en la divisi\u00f3n de bandos se quedaron a un costado y no juegan ni por Horacio ni por Patricia porque solo esperan juntar los pedazos el 14 de agosto: \u201cQuiero guardarme solo para ser un puente porque est\u00e1 todo roto\u201d, reconoce un dirigente de profunda experiencia en armados pol\u00edticos bonaerenses.<\/p>\n\n\n\n<p>La tensi\u00f3n crece si la expectativa sube<\/p>\n\n\n\n<p>Despu\u00e9s del triunfo en Santa Fe, hay dentro de JxC un clima de efervescencia porque entienden que a Sergio Massa la coyuntura lo est\u00e1 complicando demasiado. La negociaci\u00f3n compleja con el Fondo, la tensi\u00f3n del d\u00f3lar y los resultados en las provincias mejoraron el \u00e1nimo en la oposici\u00f3n que, cuando vio salir al ministro de Econom\u00eda a la campa\u00f1a, temieron lo peor.<\/p>\n\n\n\n<p>Son fotos moment\u00e1neas que pueden cambiar en un segundo, pero esa expectativa refuerza la interna. El ganador de la contienda, se envalentonan, tiene ganada la Presidencia. M\u00e1s confiado por el resultado final, Mauricio Macri parece decidido a no pronunciarse a favor de nadie con este escenario. Le hab\u00eda dicho a un integrante central de las listas de Patricia que podr\u00eda torcer esa decisi\u00f3n en la \u00faltima semana de campa\u00f1a pero a esta hora, su posici\u00f3n es mantener esa neutralidad p\u00fablica.<\/p>\n\n\n\n<p>Volver\u00e1 al pa\u00eds la semana que viene y se sentar\u00e1 a ver el ganador. Su mensaje es que haya paz. Estas tres semanas son cruciales. Pero adentro de la interna entre Horacio y Patricia, esa misi\u00f3n parece inalcanzable. Hacia afuera, este domingo compartir\u00e1n una escena trascendente: la elecci\u00f3n municipal de C\u00f3rdoba capital, donde todos apoyan a Rodrigo de Loredo.<\/p>\n\n\n\n<figure class=\"wp-block-image size-large\"><img loading=\"lazy\" decoding=\"async\" width=\"1024\" height=\"682\" src=\"https:\/\/www.todoeldia.com\/wp-content\/uploads\/2023\/07\/image-148-1024x682.png\" alt=\"\" class=\"wp-image-61474\" srcset=\"https:\/\/www.todoeldia.com\/wp-content\/uploads\/2023\/07\/image-148-1024x682.png 1024w, https:\/\/www.todoeldia.com\/wp-content\/uploads\/2023\/07\/image-148-300x200.png 300w, https:\/\/www.todoeldia.com\/wp-content\/uploads\/2023\/07\/image-148-768x511.png 768w, https:\/\/www.todoeldia.com\/wp-content\/uploads\/2023\/07\/image-148-696x464.png 696w, https:\/\/www.todoeldia.com\/wp-content\/uploads\/2023\/07\/image-148-1068x711.png 1068w, https:\/\/www.todoeldia.com\/wp-content\/uploads\/2023\/07\/image-148-631x420.png 631w, https:\/\/www.todoeldia.com\/wp-content\/uploads\/2023\/07\/image-148.png 1440w\" sizes=\"auto, (max-width: 1024px) 100vw, 1024px\" \/><\/figure>\n\n\n\n<p>Bullrich y Larreta confirmaron que viajan pero no hay nada m\u00e1s lejos que aquella foto en que Larreta le rob\u00f3 un beso a su competidora. Nadie apuesta demasiado a lograr una foto de \u201cunidad\u201d aunque compartan escenario.<\/p>\n\n\n\n<p>Horacio Rodr\u00edguez Larreta est\u00e1 aliviado despu\u00e9s de muchos d\u00edas de extrema tensi\u00f3n<\/p>\n\n\n\n<p>El martes, vol\u00f3 a Salta y Jujuy donde lo esperaba Gerardo Morales en el d\u00eda de su cumplea\u00f1os. En el avi\u00f3n, le costaba hablar de otro tema que no fuera Santa Fe: la elecci\u00f3n que le dio aire y expectativa. Una de las personas m\u00e1s centrales de su estrategia de campa\u00f1a ven\u00eda durmiendo dos horas por d\u00eda no tanto por el volumen de trabajo como por el agobio que le produce el resultado del tracking semanal de encuestas que lleva adelante el equipo de Larreta.<\/p>\n\n\n\n<figure class=\"wp-block-image size-large\"><img loading=\"lazy\" decoding=\"async\" width=\"1024\" height=\"719\" src=\"https:\/\/www.todoeldia.com\/wp-content\/uploads\/2023\/07\/image-150-1024x719.png\" alt=\"\" class=\"wp-image-61476\" srcset=\"https:\/\/www.todoeldia.com\/wp-content\/uploads\/2023\/07\/image-150-1024x719.png 1024w, https:\/\/www.todoeldia.com\/wp-content\/uploads\/2023\/07\/image-150-300x211.png 300w, https:\/\/www.todoeldia.com\/wp-content\/uploads\/2023\/07\/image-150-768x539.png 768w, https:\/\/www.todoeldia.com\/wp-content\/uploads\/2023\/07\/image-150-696x489.png 696w, https:\/\/www.todoeldia.com\/wp-content\/uploads\/2023\/07\/image-150-1068x750.png 1068w, https:\/\/www.todoeldia.com\/wp-content\/uploads\/2023\/07\/image-150-598x420.png 598w, https:\/\/www.todoeldia.com\/wp-content\/uploads\/2023\/07\/image-150-100x70.png 100w, https:\/\/www.todoeldia.com\/wp-content\/uploads\/2023\/07\/image-150.png 1440w\" sizes=\"auto, (max-width: 1024px) 100vw, 1024px\" \/><\/figure>\n\n\n\n<p>En los \u00faltimos d\u00edas, volvi\u00f3 a dormir mejor. Las campa\u00f1as est\u00e1n llenas de atm\u00f3sferas temporales que se sostienen en movimientos de encuestas y en conversaciones de micromundo. En la mesa chica de Larreta est\u00e1n convencidos de que si no cometen errores en las pr\u00f3ximas tres semanas, el aire est\u00e1 soplando a su favor. Los argumentos son vol\u00e1tiles, pero se pueden enumerar algunos:<\/p>\n\n\n\n<p>Ya tienen medido que cuando se pelean con Macri (Mauricio), pierden.<\/p>\n\n\n\n<p>Ahora est\u00e1n decididos a hablar de paz. Creen que finalmente encontraron su diferenciador con Bullrich. Hablar de paz y que ella se exponga en los extremos.<\/p>\n\n\n\n<p>Todo lo que pas\u00f3 en Santa Fe es su mayor cambio de aire.<\/p>\n\n\n\n<p>Ver a Bullrich a la defensiva es el otro elemento.<\/p>\n\n\n\n<p>En el armado de Patricia, hay preocupaci\u00f3n por primera vez<\/p>\n\n\n\n<p>En esta marat\u00f3n electoral. reconocen que en estos d\u00edas quedaron enredados y a la defensiva, sobre todo despu\u00e9s del spot de lanzamiento de campa\u00f1a en el que pon\u00eda las cosas \u201ca todo o nada\u201d. Gener\u00f3 conversaci\u00f3n p\u00fablica como buscaban, pero no necesariamente en su beneficio.<\/p>\n\n\n\n<figure class=\"wp-block-image size-large\"><img loading=\"lazy\" decoding=\"async\" width=\"1024\" height=\"573\" src=\"https:\/\/www.todoeldia.com\/wp-content\/uploads\/2023\/07\/image-149-1024x573.png\" alt=\"\" class=\"wp-image-61475\" srcset=\"https:\/\/www.todoeldia.com\/wp-content\/uploads\/2023\/07\/image-149-1024x573.png 1024w, https:\/\/www.todoeldia.com\/wp-content\/uploads\/2023\/07\/image-149-300x168.png 300w, https:\/\/www.todoeldia.com\/wp-content\/uploads\/2023\/07\/image-149-768x430.png 768w, https:\/\/www.todoeldia.com\/wp-content\/uploads\/2023\/07\/image-149-696x390.png 696w, https:\/\/www.todoeldia.com\/wp-content\/uploads\/2023\/07\/image-149-1068x598.png 1068w, https:\/\/www.todoeldia.com\/wp-content\/uploads\/2023\/07\/image-149-750x420.png 750w, https:\/\/www.todoeldia.com\/wp-content\/uploads\/2023\/07\/image-149.png 1440w\" sizes=\"auto, (max-width: 1024px) 100vw, 1024px\" \/><\/figure>\n\n\n\n<p>Esa inquietud lleg\u00f3 al punto de que salieron a medirla presencialmente a nivel nacional para detectar si hubo impacto. Algo hubo porque hoy est\u00e1 empezando a circular un nuevo spot donde explica qu\u00e9 significa el \u201ca todo o nada\u201d. Y en pol\u00edtica, se sabe, el que explica, pierde.<\/p>\n\n\n\n<p>\u201cEllos nos quieren picotear los talones mientras hablan de paz\u201d, dice Bullrich en su intimidad y a su alrededor se ponen m\u00e1s dram\u00e1ticos: \u201cUna campa\u00f1a del horror. Lo que esperamos de ac\u00e1 en adelante es un ataque permanente dirigido a destruir la personalidad del adversario\u201d.<\/p>\n\n\n\n<p>El resultado de la interna de Juntos por el Cambio es una moneda en el aire que nadie sabe donde va a caer.<\/p>\n","protected":false},"excerpt":{"rendered":"<p>En Juntos por el Cambio no hay manera de ponerse de acuerdo. El jefe de Gobierno porte\u00f1o est\u00e1 aliviado despu\u00e9s de muchos d\u00edas de extrema tensi\u00f3n y las negociaciones para compartir la sede de campa\u00f1a est\u00e1n cada d\u00eda m\u00e1s complicadas. \u00a0\u201cEst\u00e1n todos ciegos. Caminan sin ver. Nadie sabe c\u00f3mo termina esto\u201d. El que habla es [&hellip;]<\/p>\n","protected":false},"author":2,"featured_media":61472,"comment_status":"open","ping_status":"open","sticky":false,"template":"","format":"standard","meta":{"tdm_status":"","tdm_grid_status":"","_joinchat":[],"footnotes":""},"categories":[71],"tags":[],"class_list":{"0":"post-61471","1":"post","2":"type-post","3":"status-publish","4":"format-standard","5":"has-post-thumbnail","7":"category-columnistas"},"amp_enabled":true,"_links":{"self":[{"href":"https:\/\/www.todoeldia.com\/index.php\/wp-json\/wp\/v2\/posts\/61471","targetHints":{"allow":["GET"]}}],"collection":[{"href":"https:\/\/www.todoeldia.com\/index.php\/wp-json\/wp\/v2\/posts"}],"about":[{"href":"https:\/\/www.todoeldia.com\/index.php\/wp-json\/wp\/v2\/types\/post"}],"author":[{"embeddable":true,"href":"https:\/\/www.todoeldia.com\/index.php\/wp-json\/wp\/v2\/users\/2"}],"replies":[{"embeddable":true,"href":"https:\/\/www.todoeldia.com\/index.php\/wp-json\/wp\/v2\/comments?post=61471"}],"version-history":[{"count":1,"href":"https:\/\/www.todoeldia.com\/index.php\/wp-json\/wp\/v2\/posts\/61471\/revisions"}],"predecessor-version":[{"id":61477,"href":"https:\/\/www.todoeldia.com\/index.php\/wp-json\/wp\/v2\/posts\/61471\/revisions\/61477"}],"wp:featuredmedia":[{"embeddable":true,"href":"https:\/\/www.todoeldia.com\/index.php\/wp-json\/wp\/v2\/media\/61472"}],"wp:attachment":[{"href":"https:\/\/www.todoeldia.com\/index.php\/wp-json\/wp\/v2\/media?parent=61471"}],"wp:term":[{"taxonomy":"category","embeddable":true,"href":"https:\/\/www.todoeldia.com\/index.php\/wp-json\/wp\/v2\/categories?post=61471"},{"taxonomy":"post_tag","embeddable":true,"href":"https:\/\/www.todoeldia.com\/index.php\/wp-json\/wp\/v2\/tags?post=61471"}],"curies":[{"name":"wp","href":"https:\/\/api.w.org\/{rel}","templated":true}]}}