{"id":61478,"date":"2023-07-22T20:19:13","date_gmt":"2023-07-22T23:19:13","guid":{"rendered":"https:\/\/www.todoeldia.com\/?p=61478"},"modified":"2023-07-22T20:33:55","modified_gmt":"2023-07-22T23:33:55","slug":"la-ciudad-de-cordoba-vota-segundo-round-entre-juntos-por-el-cambio-y-el-peronismo-de-juan-schiaretti","status":"publish","type":"post","link":"https:\/\/www.todoeldia.com\/index.php\/2023\/07\/22\/la-ciudad-de-cordoba-vota-segundo-round-entre-juntos-por-el-cambio-y-el-peronismo-de-juan-schiaretti\/","title":{"rendered":"La ciudad de C\u00f3rdoba vota: segundo round entre Juntos por el Cambio y el peronismo de Juan Schiaretti"},"content":{"rendered":"\n<p>Este domingo se elegir\u00e1 al intendente de la capital provincial. El oficialista Daniel Passerini y el radical Rodrigo De Loredo son quienes tienen mayores chances de triunfo.<\/p>\n\n\n\n<p>C\u00f3rdoba vuelve a estar en el candelero electoral este fin de semana. El segundo round entre el peronismo local y Juntos por el Cambio ser\u00e1 para ver qui\u00e9n se queda con la intendencia de la capital provincial. Con el reciente antecedente de la peleada elecci\u00f3n para gobernador del domingo 25 de junio, donde se impuso Mart\u00edn Llaryora sobre Luis Juez por apenas 3 puntos porcentuales, ahora los competidores son Daniel Passerini (actual viceintendente del peronismo schiarettista) y el diputado nacional radical Rodrigo De Loredo. En principio, con chances parejas, aunque con particularidades de apoyos locales y nacionales a tener en cuenta.<\/p>\n\n\n\n<p>Aquella elecci\u00f3n clave en el mapa pol\u00edtico nacional de hace un mes, en la que el candidato oficialista de Hacemos Unidos por C\u00f3rdoba, Mart\u00edn Llaryora obtuvo 870.935 votos (45%), contra los 806.541 (41,85%) del senador nacional Luis Juez, ratific\u00f3 la vigencia del poder justicialista que lidera el gobernador Juan Schiaretti. Es cierto que la diferencia fue de apenas 3.33%, tambi\u00e9n demostrando la fuerza de Juntos por el Cambio en la provincia mediterr\u00e1nea. Esto habilita al candidato de Evoluci\u00f3n Radical, Rodrigo De Loredo, a tener posibilidades concretas de recuperar para el radicalismo la intendencia de la Ciudad de C\u00f3rdoba perdida en 2019 por Ram\u00f3n Javier Mestre.<\/p>\n\n\n\n<figure class=\"wp-block-image size-large\"><img loading=\"lazy\" decoding=\"async\" width=\"1024\" height=\"733\" src=\"https:\/\/www.todoeldia.com\/wp-content\/uploads\/2023\/07\/image-151-1024x733.png\" alt=\"\" class=\"wp-image-61480\" srcset=\"https:\/\/www.todoeldia.com\/wp-content\/uploads\/2023\/07\/image-151-1024x733.png 1024w, https:\/\/www.todoeldia.com\/wp-content\/uploads\/2023\/07\/image-151-300x215.png 300w, https:\/\/www.todoeldia.com\/wp-content\/uploads\/2023\/07\/image-151-768x550.png 768w, https:\/\/www.todoeldia.com\/wp-content\/uploads\/2023\/07\/image-151-696x498.png 696w, https:\/\/www.todoeldia.com\/wp-content\/uploads\/2023\/07\/image-151-1068x765.png 1068w, https:\/\/www.todoeldia.com\/wp-content\/uploads\/2023\/07\/image-151-587x420.png 587w, https:\/\/www.todoeldia.com\/wp-content\/uploads\/2023\/07\/image-151.png 1440w\" sizes=\"auto, (max-width: 1024px) 100vw, 1024px\" \/><\/figure>\n\n\n\n<p>Passerini, actual viceintendente de Llaryora, es acompa\u00f1ado en la f\u00f3rmula por Javier Pretto, exdiputado nacional del PRO. Daniel Passerini, de 58 a\u00f1os, es m\u00e9dico y fue intendente de Cruz Alta. Tambi\u00e9n fue funcionario del gobernador Jos\u00e9 Manuel de la Sota en 2005 y 2011. En el cierre de campa\u00f1a de este jueves, afirmo que ahora \u201ctenemos la gran oportunidad de seguir haciendo crecer la ciudad, que en estos cuatro a\u00f1os de gesti\u00f3n la estamos recuperando del estado de abandono\u201d que la dejaron las anteriores gestiones. Destac\u00f3 que durante la administraci\u00f3n de Llaryora se hicieron muchas obras y que se necesita m\u00e1s tiempo para avanzar con otros proyectos.<\/p>\n\n\n\n<p>En el acto estuvieron el gobenador Schiaretti y el gobernador electo, Mart\u00edn Llaryora, quien en su discurso ante la militancia dijo que a pesar de tener que administrar la ciudad de C\u00f3rdoba durante la pandemia y la recesi\u00f3n econ\u00f3mica, se pudo hacer mucha gesti\u00f3n positiva. \u201cDaniel (Passerini) es el mejor hombre preparado para seguir en ese camino\u201d, asegur\u00f3. Schiaretti, por su parte, tambi\u00e9n respald\u00f3 a Passerini: \u201cLes pido a los cordobeses que voten por cuatro a\u00f1os m\u00e1s a nuestro proyecto, que es lo que se necesita para hacer lo que falta\u201d.<\/p>\n\n\n\n<p>Juntos por el Cambio apuesta fuerte al triunfo del radical Rodrigo De Loredo<\/p>\n\n\n\n<p>Del otro lado, el acto de cierre de campa\u00f1a de Juntos por el Cambio fue en el Club Atenas, en el barrio General Bustos. Rodrigo De Loredo y su compa\u00f1era de f\u00f3rmula, la diputada nacional del PRO, Soher El Sukaria, fueron optimistas y vaticinaron una victoria el domingo. \u201cLes estamos sacando la mayor diferencia que jam\u00e1s ellos hubiesen pensando en C\u00f3rdoba. El domingo va a ser un batacazo\u201d, afirm\u00f3 De Loredo.<\/p>\n\n\n\n<p>\u201cQue nos tengan fe. La ciudad de C\u00f3rdoba tiene que volver a ser la ciudad n\u00famero uno del pa\u00eds\u201d, algo que consider\u00f3 ocurri\u00f3 con \u201clas hist\u00f3ricas gestiones de Ram\u00f3n Baustista Mestre y Rub\u00e9n Mart\u00ed\u201d, agreg\u00f3 el joven diputado nacional de Evoluci\u00f3n Radical, sector liderado por el senador Mart\u00edn Lousteau, precandidato a jefe de Gobierno de la Ciudad de Buenos Aires.<\/p>\n\n\n\n<p>De Loredo tiene el apoyo de referentes locales (Luis Juez, Mario Negri y Oscar Aguad) y nacionales (Mauricio Macri, Patricia Bullrich, Mart\u00edn Lousteau, Gerardo Morales y Horacio Rodr\u00edguez Larreta). Sin embargo, lo ocurrido semanas antes de la elecci\u00f3n a gobernador de junio, cuando Rodr\u00edguez Larreta impuls\u00f3 un acuerdo pol\u00edtico de Juntos por el Cambio con el gobernador Schiaretti, enrareci\u00f3 el clima con el candidato Luis Juez.<\/p>\n\n\n\n<figure class=\"wp-block-image size-large\"><img loading=\"lazy\" decoding=\"async\" width=\"1024\" height=\"683\" src=\"https:\/\/www.todoeldia.com\/wp-content\/uploads\/2023\/07\/image-152-1024x683.png\" alt=\"\" class=\"wp-image-61481\" srcset=\"https:\/\/www.todoeldia.com\/wp-content\/uploads\/2023\/07\/image-152-1024x683.png 1024w, https:\/\/www.todoeldia.com\/wp-content\/uploads\/2023\/07\/image-152-300x200.png 300w, https:\/\/www.todoeldia.com\/wp-content\/uploads\/2023\/07\/image-152-768x512.png 768w, https:\/\/www.todoeldia.com\/wp-content\/uploads\/2023\/07\/image-152-696x464.png 696w, https:\/\/www.todoeldia.com\/wp-content\/uploads\/2023\/07\/image-152-1068x712.png 1068w, https:\/\/www.todoeldia.com\/wp-content\/uploads\/2023\/07\/image-152-630x420.png 630w, https:\/\/www.todoeldia.com\/wp-content\/uploads\/2023\/07\/image-152.png 1440w\" sizes=\"auto, (max-width: 1024px) 100vw, 1024px\" \/><\/figure>\n\n\n\n<p>Un mes despu\u00e9s, parece que hay una tregua y todos se encolumnaron para respaldar a De Loredo. Esta semana, tanto Patricia Bullrich y Horacio Rodr\u00edguez Larreta visitaron la ciudad de C\u00f3rdoba. Tambi\u00e9n estar\u00e1n el domingo a la noche en la sede de campa\u00f1a y no se descarta una foto conjunta para bajar la tensi\u00f3n de los \u00faltimos cruces internos.<\/p>\n\n\n\n<p>Con este contexto, unos 131.148 ciudadanos est\u00e1n habilitados para elegir intendente, vice intendente, 31 concejales titulares, 10 suplentes y 5 vocales titulares y 5 suplentes del Tribunal de Cuentas. Se utilizar\u00e1 el sistema de Boleta \u00danica de Sufragio (BUS). Habr\u00e1 11 f\u00f3rmulas: Daniel Passerini (Hacemos Unidos por C\u00f3rdoba), Rodrigo De Loredo (Juntos por el Cambio), Laura Vilches (Frente de Izquierda y los Trabajadores Unidad), Miguel Bustos (Partido Popular), Romina Gim\u00e9nez (Uni\u00f3n Popular Federal), Humberto Spaccesi (C\u00f3rdoba de Todos), Jorge Scala (Partido Dem\u00f3crata de C\u00f3rdoba), Ver\u00f3nica Sikora (La Libertad Primero), C\u00e9sar Orgaz (Encuentro Vecinal C\u00f3rdoba), Juan Pablo Quinteros (Somos C\u00f3rdoba), Eduardo Gonz\u00e1lez Olgu\u00edn (Partido Humanista).<\/p>\n","protected":false},"excerpt":{"rendered":"<p>Este domingo se elegir\u00e1 al intendente de la capital provincial. El oficialista Daniel Passerini y el radical Rodrigo De Loredo son quienes tienen mayores chances de triunfo. C\u00f3rdoba vuelve a estar en el candelero electoral este fin de semana. El segundo round entre el peronismo local y Juntos por el Cambio ser\u00e1 para ver qui\u00e9n [&hellip;]<\/p>\n","protected":false},"author":2,"featured_media":61479,"comment_status":"open","ping_status":"open","sticky":false,"template":"","format":"standard","meta":{"tdm_status":"","tdm_grid_status":"","_joinchat":[],"footnotes":""},"categories":[59],"tags":[],"class_list":{"0":"post-61478","1":"post","2":"type-post","3":"status-publish","4":"format-standard","5":"has-post-thumbnail","7":"category-politica"},"amp_enabled":true,"_links":{"self":[{"href":"https:\/\/www.todoeldia.com\/index.php\/wp-json\/wp\/v2\/posts\/61478","targetHints":{"allow":["GET"]}}],"collection":[{"href":"https:\/\/www.todoeldia.com\/index.php\/wp-json\/wp\/v2\/posts"}],"about":[{"href":"https:\/\/www.todoeldia.com\/index.php\/wp-json\/wp\/v2\/types\/post"}],"author":[{"embeddable":true,"href":"https:\/\/www.todoeldia.com\/index.php\/wp-json\/wp\/v2\/users\/2"}],"replies":[{"embeddable":true,"href":"https:\/\/www.todoeldia.com\/index.php\/wp-json\/wp\/v2\/comments?post=61478"}],"version-history":[{"count":1,"href":"https:\/\/www.todoeldia.com\/index.php\/wp-json\/wp\/v2\/posts\/61478\/revisions"}],"predecessor-version":[{"id":61482,"href":"https:\/\/www.todoeldia.com\/index.php\/wp-json\/wp\/v2\/posts\/61478\/revisions\/61482"}],"wp:featuredmedia":[{"embeddable":true,"href":"https:\/\/www.todoeldia.com\/index.php\/wp-json\/wp\/v2\/media\/61479"}],"wp:attachment":[{"href":"https:\/\/www.todoeldia.com\/index.php\/wp-json\/wp\/v2\/media?parent=61478"}],"wp:term":[{"taxonomy":"category","embeddable":true,"href":"https:\/\/www.todoeldia.com\/index.php\/wp-json\/wp\/v2\/categories?post=61478"},{"taxonomy":"post_tag","embeddable":true,"href":"https:\/\/www.todoeldia.com\/index.php\/wp-json\/wp\/v2\/tags?post=61478"}],"curies":[{"name":"wp","href":"https:\/\/api.w.org\/{rel}","templated":true}]}}