{"id":61548,"date":"2023-07-24T20:40:08","date_gmt":"2023-07-24T23:40:08","guid":{"rendered":"https:\/\/www.todoeldia.com\/?p=61548"},"modified":"2023-07-24T20:40:09","modified_gmt":"2023-07-24T23:40:09","slug":"fue-imputado-por-pelearse-con-un-hombre-al-que-le-prendio-fuego-cerca-de-la-terminal","status":"publish","type":"post","link":"https:\/\/www.todoeldia.com\/index.php\/2023\/07\/24\/fue-imputado-por-pelearse-con-un-hombre-al-que-le-prendio-fuego-cerca-de-la-terminal\/","title":{"rendered":"Fue imputado por pelearse con un hombre al que le prendi\u00f3 fuego cerca de la Terminal"},"content":{"rendered":"\n<p>El hecho ocurri\u00f3 durante la ma\u00f1ana de este domingo en inmediaciones de la terminal de \u00f3mnibus de la ciudad de Salta y el damnificado, quien a\u00fan no fue identificado, permanece internado con pron\u00f3stico reservado. Se solicit\u00f3 la prisi\u00f3n preventiva para el acusado, quien posee antecedentes condenatorios.<\/p>\n\n\n\n<p>La fiscal penal 2 de la Unidad de Graves Atentados contra las Personas en turno, Ver\u00f3nica Simesen de Bielke, imput\u00f3 de forma provisional a un hombre mayor de edad como autor del delito de tentativa de homicidio.<\/p>\n\n\n\n<p>El acusado estuvo acompa\u00f1ado de un defensor oficial y tras conocer la imputaci\u00f3n en su contra, se abstuvo de declarar. Desde la Fiscal\u00eda se solicit\u00f3 al Juzgado de Garant\u00edas interviniente, su prisi\u00f3n preventiva en atenci\u00f3n a los sendos antecedentes condenatorios que posee.<\/p>\n\n\n\n<p>Seg\u00fan el relevamiento de testigos y an\u00e1lisis de c\u00e1maras de seguridad, el personal de la Unidad de Investigaci\u00f3n UGAP identific\u00f3 al acusado como la persona con la que la v\u00edctima mantuvo una pelea durante la ma\u00f1ana del domingo y como quien le prendi\u00f3 fuego.<\/p>\n\n\n\n<p>El damnificado fue asistido por terceras personas y trasladado al hospital San Bernardo, donde se encuentra internado con pron\u00f3stico reservado debido a la gravedad de las quemaduras sufridas en distintas partes del cuerpo y que ponen en riesgo su vida.<\/p>\n","protected":false},"excerpt":{"rendered":"<p>El hecho ocurri\u00f3 durante la ma\u00f1ana de este domingo en inmediaciones de la terminal de \u00f3mnibus de la ciudad de Salta y el damnificado, quien a\u00fan no fue identificado, permanece internado con pron\u00f3stico reservado. Se solicit\u00f3 la prisi\u00f3n preventiva para el acusado, quien posee antecedentes condenatorios. La fiscal penal 2 de la Unidad de Graves [&hellip;]<\/p>\n","protected":false},"author":2,"featured_media":61549,"comment_status":"open","ping_status":"open","sticky":false,"template":"","format":"standard","meta":{"tdm_status":"","tdm_grid_status":"","_joinchat":[],"footnotes":""},"categories":[63],"tags":[],"class_list":{"0":"post-61548","1":"post","2":"type-post","3":"status-publish","4":"format-standard","5":"has-post-thumbnail","7":"category-policiales"},"amp_enabled":true,"_links":{"self":[{"href":"https:\/\/www.todoeldia.com\/index.php\/wp-json\/wp\/v2\/posts\/61548","targetHints":{"allow":["GET"]}}],"collection":[{"href":"https:\/\/www.todoeldia.com\/index.php\/wp-json\/wp\/v2\/posts"}],"about":[{"href":"https:\/\/www.todoeldia.com\/index.php\/wp-json\/wp\/v2\/types\/post"}],"author":[{"embeddable":true,"href":"https:\/\/www.todoeldia.com\/index.php\/wp-json\/wp\/v2\/users\/2"}],"replies":[{"embeddable":true,"href":"https:\/\/www.todoeldia.com\/index.php\/wp-json\/wp\/v2\/comments?post=61548"}],"version-history":[{"count":1,"href":"https:\/\/www.todoeldia.com\/index.php\/wp-json\/wp\/v2\/posts\/61548\/revisions"}],"predecessor-version":[{"id":61550,"href":"https:\/\/www.todoeldia.com\/index.php\/wp-json\/wp\/v2\/posts\/61548\/revisions\/61550"}],"wp:featuredmedia":[{"embeddable":true,"href":"https:\/\/www.todoeldia.com\/index.php\/wp-json\/wp\/v2\/media\/61549"}],"wp:attachment":[{"href":"https:\/\/www.todoeldia.com\/index.php\/wp-json\/wp\/v2\/media?parent=61548"}],"wp:term":[{"taxonomy":"category","embeddable":true,"href":"https:\/\/www.todoeldia.com\/index.php\/wp-json\/wp\/v2\/categories?post=61548"},{"taxonomy":"post_tag","embeddable":true,"href":"https:\/\/www.todoeldia.com\/index.php\/wp-json\/wp\/v2\/tags?post=61548"}],"curies":[{"name":"wp","href":"https:\/\/api.w.org\/{rel}","templated":true}]}}