{"id":61554,"date":"2023-07-25T10:37:23","date_gmt":"2023-07-25T13:37:23","guid":{"rendered":"https:\/\/www.todoeldia.com\/?p=61554"},"modified":"2023-07-25T10:37:26","modified_gmt":"2023-07-25T13:37:26","slug":"fue-a-la-policia-y-denuncio-que-su-madre-es-golpeada-por-su-pareja","status":"publish","type":"post","link":"https:\/\/www.todoeldia.com\/index.php\/2023\/07\/25\/fue-a-la-policia-y-denuncio-que-su-madre-es-golpeada-por-su-pareja\/","title":{"rendered":"Fue a la Polic\u00eda y denunci\u00f3 que su madre es golpeada por su pareja"},"content":{"rendered":"\n<p>La fiscal Penal de Violencia Familiar y de G\u00e9nero de Or\u00e1n, Soledad Filtr\u00edn Cuezzo, imput\u00f3 provisionalmente a un hombre de 41 a\u00f1os por los delitos de coacci\u00f3n, lesiones leves agravadas por existir relaci\u00f3n de pareja y violencia de g\u00e9nero y privaci\u00f3n ileg\u00edtima de la libertad.<\/p>\n\n\n\n<p>El 22 de julio pasado, una mujer radic\u00f3 una denuncia en contra de la pareja de su madre. Asegur\u00f3 que el hombre concurri\u00f3 en estado de ebriedad a su domicilio y que, como no lo dejaron ingresar, amenaz\u00f3 con matarla si llamaban a la Polic\u00eda. Adem\u00e1s, explic\u00f3 que sobre el hombre pesan denuncias previas de violencia y amenazas de muerte contra su madre, por lo que le fueron dictadas medidas de restricci\u00f3n de acercamiento.<\/p>\n\n\n\n<p>La hija de la v\u00edctima relat\u00f3 una serie de episodios de violencia que su madre ha venido soportando, los cuales fueron confirmados por los m\u00e9dicos que la atendieron. Destac\u00f3 que la mujer se encuentra sumida en un profundo temor debido a las amenazas del agresor.<\/p>\n\n\n\n<p>Manifest\u00f3 que, al enterarse de que su madre hab\u00eda sido golpeada, acudi\u00f3 al domicilio para verla y brindarle apoyo. Sin embargo, se encontr\u00f3 con la angustiante situaci\u00f3n de que no le permitieron ingresar, ni a la v\u00edctima salir de su domicilio.<\/p>\n\n\n\n<p>Teniendo en cuenta todo ello y los informes m\u00e9dicos, la fiscal Filtr\u00edn Cuezzo imput\u00f3 provisionalmente al hombre.<\/p>\n","protected":false},"excerpt":{"rendered":"<p>La fiscal Penal de Violencia Familiar y de G\u00e9nero de Or\u00e1n, Soledad Filtr\u00edn Cuezzo, imput\u00f3 provisionalmente a un hombre de 41 a\u00f1os por los delitos de coacci\u00f3n, lesiones leves agravadas por existir relaci\u00f3n de pareja y violencia de g\u00e9nero y privaci\u00f3n ileg\u00edtima de la libertad. El 22 de julio pasado, una mujer radic\u00f3 una denuncia [&hellip;]<\/p>\n","protected":false},"author":2,"featured_media":41374,"comment_status":"open","ping_status":"open","sticky":false,"template":"","format":"standard","meta":{"tdm_status":"","tdm_grid_status":"","_joinchat":[],"footnotes":""},"categories":[63],"tags":[],"class_list":{"0":"post-61554","1":"post","2":"type-post","3":"status-publish","4":"format-standard","5":"has-post-thumbnail","7":"category-policiales"},"amp_enabled":true,"_links":{"self":[{"href":"https:\/\/www.todoeldia.com\/index.php\/wp-json\/wp\/v2\/posts\/61554","targetHints":{"allow":["GET"]}}],"collection":[{"href":"https:\/\/www.todoeldia.com\/index.php\/wp-json\/wp\/v2\/posts"}],"about":[{"href":"https:\/\/www.todoeldia.com\/index.php\/wp-json\/wp\/v2\/types\/post"}],"author":[{"embeddable":true,"href":"https:\/\/www.todoeldia.com\/index.php\/wp-json\/wp\/v2\/users\/2"}],"replies":[{"embeddable":true,"href":"https:\/\/www.todoeldia.com\/index.php\/wp-json\/wp\/v2\/comments?post=61554"}],"version-history":[{"count":1,"href":"https:\/\/www.todoeldia.com\/index.php\/wp-json\/wp\/v2\/posts\/61554\/revisions"}],"predecessor-version":[{"id":61555,"href":"https:\/\/www.todoeldia.com\/index.php\/wp-json\/wp\/v2\/posts\/61554\/revisions\/61555"}],"wp:featuredmedia":[{"embeddable":true,"href":"https:\/\/www.todoeldia.com\/index.php\/wp-json\/wp\/v2\/media\/41374"}],"wp:attachment":[{"href":"https:\/\/www.todoeldia.com\/index.php\/wp-json\/wp\/v2\/media?parent=61554"}],"wp:term":[{"taxonomy":"category","embeddable":true,"href":"https:\/\/www.todoeldia.com\/index.php\/wp-json\/wp\/v2\/categories?post=61554"},{"taxonomy":"post_tag","embeddable":true,"href":"https:\/\/www.todoeldia.com\/index.php\/wp-json\/wp\/v2\/tags?post=61554"}],"curies":[{"name":"wp","href":"https:\/\/api.w.org\/{rel}","templated":true}]}}