{"id":61556,"date":"2023-07-25T10:39:39","date_gmt":"2023-07-25T13:39:39","guid":{"rendered":"https:\/\/www.todoeldia.com\/?p=61556"},"modified":"2023-07-25T10:39:41","modified_gmt":"2023-07-25T13:39:41","slug":"sigue-detenido-un-automovilista-embistio-a-una-pareja-en-moto-en-oran-y-se-dio-a-la-fuga","status":"publish","type":"post","link":"https:\/\/www.todoeldia.com\/index.php\/2023\/07\/25\/sigue-detenido-un-automovilista-embistio-a-una-pareja-en-moto-en-oran-y-se-dio-a-la-fuga\/","title":{"rendered":"Sigue detenido: un automovilista embisti\u00f3 a una pareja en moto en Or\u00e1n y se dio a la fuga"},"content":{"rendered":"\n<p>Se trat\u00f3 de una colisi\u00f3n entre una motocicleta y un autom\u00f3vil. El conductor del auto se dio a la fuga despu\u00e9s de colisionar con la pareja que viajaba en la motocicleta.<\/p>\n\n\n\n<p>La fiscal penal 1 de Or\u00e1n, Daniela Mur\u00faa, imput\u00f3 de forma provisional a un hombre de 29 a\u00f1os como autor del delito de lesiones culposas en accidente de tr\u00e1nsito.<\/p>\n\n\n\n<p>El acusado, asistido por defensa oficial prest\u00f3 declaraci\u00f3n y desde la Fiscal\u00eda se solicit\u00f3 que se mantenga detenido por peligro procesal y comportamiento evasivo.<\/p>\n\n\n\n<p>El hecho ocurri\u00f3 el pasado domingo en la intersecci\u00f3n de calles Cornejo y G\u00fcemes de esa ciudad, cuando en circunstancias que son investigadas, se produjo la colisi\u00f3n de un autom\u00f3vil y una motocicleta, resultando lesionados los dos ocupantes del rodado de menor porte.<\/p>\n\n\n\n<p>El conductor del autom\u00f3vil se dio a la fuga dej\u00e1ndolos lesionados en el lugar del accidente. Se present\u00f3 luego en una dependencia policial, donde qued\u00f3 demorado.<\/p>\n","protected":false},"excerpt":{"rendered":"<p>Se trat\u00f3 de una colisi\u00f3n entre una motocicleta y un autom\u00f3vil. El conductor del auto se dio a la fuga despu\u00e9s de colisionar con la pareja que viajaba en la motocicleta. La fiscal penal 1 de Or\u00e1n, Daniela Mur\u00faa, imput\u00f3 de forma provisional a un hombre de 29 a\u00f1os como autor del delito de lesiones [&hellip;]<\/p>\n","protected":false},"author":2,"featured_media":56858,"comment_status":"open","ping_status":"open","sticky":false,"template":"","format":"standard","meta":{"tdm_status":"","tdm_grid_status":"","_joinchat":[],"footnotes":""},"categories":[63],"tags":[],"class_list":{"0":"post-61556","1":"post","2":"type-post","3":"status-publish","4":"format-standard","5":"has-post-thumbnail","7":"category-policiales"},"amp_enabled":true,"_links":{"self":[{"href":"https:\/\/www.todoeldia.com\/index.php\/wp-json\/wp\/v2\/posts\/61556","targetHints":{"allow":["GET"]}}],"collection":[{"href":"https:\/\/www.todoeldia.com\/index.php\/wp-json\/wp\/v2\/posts"}],"about":[{"href":"https:\/\/www.todoeldia.com\/index.php\/wp-json\/wp\/v2\/types\/post"}],"author":[{"embeddable":true,"href":"https:\/\/www.todoeldia.com\/index.php\/wp-json\/wp\/v2\/users\/2"}],"replies":[{"embeddable":true,"href":"https:\/\/www.todoeldia.com\/index.php\/wp-json\/wp\/v2\/comments?post=61556"}],"version-history":[{"count":1,"href":"https:\/\/www.todoeldia.com\/index.php\/wp-json\/wp\/v2\/posts\/61556\/revisions"}],"predecessor-version":[{"id":61557,"href":"https:\/\/www.todoeldia.com\/index.php\/wp-json\/wp\/v2\/posts\/61556\/revisions\/61557"}],"wp:featuredmedia":[{"embeddable":true,"href":"https:\/\/www.todoeldia.com\/index.php\/wp-json\/wp\/v2\/media\/56858"}],"wp:attachment":[{"href":"https:\/\/www.todoeldia.com\/index.php\/wp-json\/wp\/v2\/media?parent=61556"}],"wp:term":[{"taxonomy":"category","embeddable":true,"href":"https:\/\/www.todoeldia.com\/index.php\/wp-json\/wp\/v2\/categories?post=61556"},{"taxonomy":"post_tag","embeddable":true,"href":"https:\/\/www.todoeldia.com\/index.php\/wp-json\/wp\/v2\/tags?post=61556"}],"curies":[{"name":"wp","href":"https:\/\/api.w.org\/{rel}","templated":true}]}}