{"id":61558,"date":"2023-07-25T10:46:17","date_gmt":"2023-07-25T13:46:17","guid":{"rendered":"https:\/\/www.todoeldia.com\/?p=61558"},"modified":"2023-07-25T10:46:19","modified_gmt":"2023-07-25T13:46:19","slug":"discutio-con-su-pareja-y-la-apunalo-en-el-pecho","status":"publish","type":"post","link":"https:\/\/www.todoeldia.com\/index.php\/2023\/07\/25\/discutio-con-su-pareja-y-la-apunalo-en-el-pecho\/","title":{"rendered":"Discuti\u00f3 con su pareja y la apu\u00f1alo en el pecho"},"content":{"rendered":"\n<p>En barrio Balut, durante una discusi\u00f3n, el acusado agredi\u00f3 a su pareja, madre de sus dos hijas, con un arma blanca, poniendo en riesgo su vida. El hombre ya cuenta con antecedentes de violencia.<\/p>\n\n\n\n<p>La fiscal penal de la Unidad de Graves Atentados contra las Personas de Or\u00e1n, Claudia Carreras, imput\u00f3 de forma provisional a un hombre de 31 a\u00f1os como autor del delito de tentativa de homicidio doblemente calificado por mantener una relaci\u00f3n de pareja y por ser perpetrado en contra de una mujer por un hombre mediante violencia de g\u00e9nero.<\/p>\n\n\n\n<p>El acusado se abstuvo de declarar y desde la Fiscal\u00eda se solicit\u00f3 al Juzgado de Garant\u00edas interviniente su prisi\u00f3n preventiva.<\/p>\n\n\n\n<p>El hecho investigado ocurri\u00f3 el pasado 16 de julio en una vivienda ubicada en barrio Balut de esa localidad, donde en circunstancias que son investigadas, se gener\u00f3 una discusi\u00f3n tras la cual el acusado, en un acto de violencia, habr\u00eda agredido a su pareja, quien adem\u00e1s es madre de sus hijas menores de edad, utilizando un arma blanca y provoc\u00e1ndole graves lesiones en la zona del t\u00f3rax.<\/p>\n\n\n\n<p>Tras el violento ataque, la madre del acusado intervino, logrando detenerlo y evitar que continuara con su agresi\u00f3n hacia la v\u00edctima. De inmediato, se solicit\u00f3 asistencia m\u00e9dica y la damnificada fue trasladada al hospital local, donde fue sometida a una intervenci\u00f3n quir\u00fargica debido a la gravedad de las lesiones sufridas.<\/p>\n\n\n\n<p>El acusado fue detenido en el lugar, mientras que las tareas investigativas se encuentran a cargo del personal de la Unidad de Investigaci\u00f3n GAP de Or\u00e1n.<\/p>\n","protected":false},"excerpt":{"rendered":"<p>En barrio Balut, durante una discusi\u00f3n, el acusado agredi\u00f3 a su pareja, madre de sus dos hijas, con un arma blanca, poniendo en riesgo su vida. El hombre ya cuenta con antecedentes de violencia. La fiscal penal de la Unidad de Graves Atentados contra las Personas de Or\u00e1n, Claudia Carreras, imput\u00f3 de forma provisional a [&hellip;]<\/p>\n","protected":false},"author":2,"featured_media":27023,"comment_status":"open","ping_status":"open","sticky":false,"template":"","format":"standard","meta":{"tdm_status":"","tdm_grid_status":"","_joinchat":[],"footnotes":""},"categories":[63],"tags":[],"class_list":{"0":"post-61558","1":"post","2":"type-post","3":"status-publish","4":"format-standard","5":"has-post-thumbnail","7":"category-policiales"},"amp_enabled":true,"_links":{"self":[{"href":"https:\/\/www.todoeldia.com\/index.php\/wp-json\/wp\/v2\/posts\/61558","targetHints":{"allow":["GET"]}}],"collection":[{"href":"https:\/\/www.todoeldia.com\/index.php\/wp-json\/wp\/v2\/posts"}],"about":[{"href":"https:\/\/www.todoeldia.com\/index.php\/wp-json\/wp\/v2\/types\/post"}],"author":[{"embeddable":true,"href":"https:\/\/www.todoeldia.com\/index.php\/wp-json\/wp\/v2\/users\/2"}],"replies":[{"embeddable":true,"href":"https:\/\/www.todoeldia.com\/index.php\/wp-json\/wp\/v2\/comments?post=61558"}],"version-history":[{"count":1,"href":"https:\/\/www.todoeldia.com\/index.php\/wp-json\/wp\/v2\/posts\/61558\/revisions"}],"predecessor-version":[{"id":61559,"href":"https:\/\/www.todoeldia.com\/index.php\/wp-json\/wp\/v2\/posts\/61558\/revisions\/61559"}],"wp:featuredmedia":[{"embeddable":true,"href":"https:\/\/www.todoeldia.com\/index.php\/wp-json\/wp\/v2\/media\/27023"}],"wp:attachment":[{"href":"https:\/\/www.todoeldia.com\/index.php\/wp-json\/wp\/v2\/media?parent=61558"}],"wp:term":[{"taxonomy":"category","embeddable":true,"href":"https:\/\/www.todoeldia.com\/index.php\/wp-json\/wp\/v2\/categories?post=61558"},{"taxonomy":"post_tag","embeddable":true,"href":"https:\/\/www.todoeldia.com\/index.php\/wp-json\/wp\/v2\/tags?post=61558"}],"curies":[{"name":"wp","href":"https:\/\/api.w.org\/{rel}","templated":true}]}}