{"id":61560,"date":"2023-07-25T10:50:42","date_gmt":"2023-07-25T13:50:42","guid":{"rendered":"https:\/\/www.todoeldia.com\/?p=61560"},"modified":"2023-07-25T10:50:44","modified_gmt":"2023-07-25T13:50:44","slug":"originarios-se-retiran-y-quedan-los-punteros-k-y-de-la-izquierda-en-los-cortes-de-ruta-en-jujuy","status":"publish","type":"post","link":"https:\/\/www.todoeldia.com\/index.php\/2023\/07\/25\/originarios-se-retiran-y-quedan-los-punteros-k-y-de-la-izquierda-en-los-cortes-de-ruta-en-jujuy\/","title":{"rendered":"Originarios se retiran y quedan los punteros K y de la izquierda en los cortes de ruta en Jujuy"},"content":{"rendered":"\n<p>Las comunidades originarias desistieron de su participaci\u00f3n en los cortes de ruta en diversas localidades del norte juje\u00f1o, quedando \u00fanicamente en los piquetes dirigentes denominados &#8220;autoconvocados&#8221; y que responden al kirchnerismo y a la izquierda, entre ellos una mayor\u00eda provenientes de otras provincias.<\/p>\n\n\n\n<p>En los cortes en Purmamarca, Tilcara, Abra Pampa y La Quiaca los intereses de los pueblos originarios y sus leg\u00edtimas inquietudes no se sintieron representados, es por este motivo que ya no se encuentran apostados en las rutas interrumpiendo el paso.<\/p>\n\n\n\n<p>Las comunidades originarias fueron abandonando paulatinamente los cortes, al comprobar la utilizaci\u00f3n pol\u00edtica que se estuvo realizando de esta protesta, quedando punteros pol\u00edticos que responden a Carolina Mois\u00e9s y Alejandro Vilca. Este alejamiento, hizo que en los cortes haya flexibilizaciones. La medida con la interrupci\u00f3n del paso de todo tipo de veh\u00edculos hizo caer la temporada tur\u00edstica invernal y afect\u00f3 econ\u00f3micamente a miles de emprendedores del turismo de la regi\u00f3n.<\/p>\n\n\n\n<p>Recientemente comerciantes de la Quebrada de Humahuaca presentaron un amparo ante la Justicia con el objetivo de destrabar el conflicto en Jujuy. Ante este pedido, el Gobierno Nacional recibi\u00f3 la notificaci\u00f3n del amparo por parte de la Justicia Federal sobre la liberaci\u00f3n de las rutas nacionales que est\u00e1n cortadas en Jujuy. El mismo fue presentado por residentes, empresarios y comerciantes.<\/p>\n\n\n\n<p>Sin embargo, ayer el ministro de Seguridad de la Naci\u00f3n, quien vino para hacerse cargo del PJ juje\u00f1o, dijo que &#8220;la decisi\u00f3n de la Justicia no nos obliga a actuar&#8221;, por lo que ratific\u00f3 el aval del Gobierno nacional a esta metodolog\u00eda pese al malestar de una gran mayor\u00eda de los juje\u00f1os.<\/p>\n\n\n\n<p>El Ministerio de Salud de Jujuy accion\u00f3 ayer nuevamente ante la Justicia Federal por los cortes de ruta, tras el hecho en el que un ni\u00f1o fue atropellado y atendido posteriormente en el Hospital de Tilcara. &#8220;Hemos detallado en distintas oportunidades que nuestros m\u00e9dicos no pueden llegar a cumplir con sus tareas en el interior, que se impide el traslado de insumos fundamentales como el ox\u00edgeno y que esto dificulta la atenci\u00f3n adecuada de las personas que residen en diferentes localidades y de las propias comunidades&#8221;, agreg\u00f3 el ministro Gustavo Bouhid.<\/p>\n","protected":false},"excerpt":{"rendered":"<p>Las comunidades originarias desistieron de su participaci\u00f3n en los cortes de ruta en diversas localidades del norte juje\u00f1o, quedando \u00fanicamente en los piquetes dirigentes denominados &#8220;autoconvocados&#8221; y que responden al kirchnerismo y a la izquierda, entre ellos una mayor\u00eda provenientes de otras provincias. En los cortes en Purmamarca, Tilcara, Abra Pampa y La Quiaca los [&hellip;]<\/p>\n","protected":false},"author":2,"featured_media":61561,"comment_status":"open","ping_status":"open","sticky":false,"template":"","format":"standard","meta":{"tdm_status":"","tdm_grid_status":"","_joinchat":[],"footnotes":""},"categories":[59],"tags":[],"class_list":{"0":"post-61560","1":"post","2":"type-post","3":"status-publish","4":"format-standard","5":"has-post-thumbnail","7":"category-politica"},"amp_enabled":true,"_links":{"self":[{"href":"https:\/\/www.todoeldia.com\/index.php\/wp-json\/wp\/v2\/posts\/61560","targetHints":{"allow":["GET"]}}],"collection":[{"href":"https:\/\/www.todoeldia.com\/index.php\/wp-json\/wp\/v2\/posts"}],"about":[{"href":"https:\/\/www.todoeldia.com\/index.php\/wp-json\/wp\/v2\/types\/post"}],"author":[{"embeddable":true,"href":"https:\/\/www.todoeldia.com\/index.php\/wp-json\/wp\/v2\/users\/2"}],"replies":[{"embeddable":true,"href":"https:\/\/www.todoeldia.com\/index.php\/wp-json\/wp\/v2\/comments?post=61560"}],"version-history":[{"count":1,"href":"https:\/\/www.todoeldia.com\/index.php\/wp-json\/wp\/v2\/posts\/61560\/revisions"}],"predecessor-version":[{"id":61562,"href":"https:\/\/www.todoeldia.com\/index.php\/wp-json\/wp\/v2\/posts\/61560\/revisions\/61562"}],"wp:featuredmedia":[{"embeddable":true,"href":"https:\/\/www.todoeldia.com\/index.php\/wp-json\/wp\/v2\/media\/61561"}],"wp:attachment":[{"href":"https:\/\/www.todoeldia.com\/index.php\/wp-json\/wp\/v2\/media?parent=61560"}],"wp:term":[{"taxonomy":"category","embeddable":true,"href":"https:\/\/www.todoeldia.com\/index.php\/wp-json\/wp\/v2\/categories?post=61560"},{"taxonomy":"post_tag","embeddable":true,"href":"https:\/\/www.todoeldia.com\/index.php\/wp-json\/wp\/v2\/tags?post=61560"}],"curies":[{"name":"wp","href":"https:\/\/api.w.org\/{rel}","templated":true}]}}