{"id":61566,"date":"2023-07-25T12:05:47","date_gmt":"2023-07-25T15:05:47","guid":{"rendered":"https:\/\/www.todoeldia.com\/?p=61566"},"modified":"2023-07-25T12:06:45","modified_gmt":"2023-07-25T15:06:45","slug":"el-gobierno-prometio-construir-100-escuelas-tecnicas-pago-millones-de-pesos-y-no-se-termino-ninguna","status":"publish","type":"post","link":"https:\/\/www.todoeldia.com\/index.php\/2023\/07\/25\/el-gobierno-prometio-construir-100-escuelas-tecnicas-pago-millones-de-pesos-y-no-se-termino-ninguna\/","title":{"rendered":"El Gobierno prometi\u00f3 construir 100 escuelas t\u00e9cnicas, pag\u00f3 millones de pesos y no se termin\u00f3 ninguna"},"content":{"rendered":"\n<p>\u201cTelenoche\u201d comprob\u00f3 que de los pocos edificios que figuran en \u201cejecuci\u00f3n\u201d, la mayor\u00eda est\u00e1 en un 0% de avance, hay 11 a medio hacer y uno es un terreno bald\u00edo. El anuncio lo hizo de Alberto Fern\u00e1ndez en febrero de 2022.<\/p>\n\n\n\n<p>\u201cPor eso ahora, el principal objetivo despu\u00e9s de la pandemia es que la Argentina vuelva a educarse, que todos volvamos al colegio, que los maestros vuelvan a ense\u00f1ar, que los chicos vuelvan a estudiar, esa es nuestra principal preocupaci\u00f3n hoy, por eso quisimos hacer particular hincapi\u00e9 en este plan de educaci\u00f3n t\u00e9cnica\u201d.<\/p>\n\n\n\n<p>Las palabras pertenecen al presidente Alberto Fern\u00e1ndez y fueron pronunciadas el 16 de febrero de 2022 en Tecn\u00f3polis ante ministros, gobernadores, intendentes y cientos de estudiantes. Los dichos del mandatario fueron durante un anuncio relevante: ese d\u00eda el Gobierno prometi\u00f3 construir 100 escuelas t\u00e9cnicas en todo el pa\u00eds, pero hasta el momento eso no ocurri\u00f3.<\/p>\n\n\n\n<p>A trav\u00e9s de un pedido de acceso a la informaci\u00f3n p\u00fablica Telenoche comprob\u00f3 que un a\u00f1o y medio despu\u00e9s no se termin\u00f3 ninguna de estas escuelas y solo 11 se est\u00e1n construyendo.<\/p>\n\n\n\n<p>El programa para realizar las escuelas t\u00e9cnicas est\u00e1 a cargo del Ministerio de Obras P\u00fablicas y la cartera de Educaci\u00f3n e intervienen provincias y municipios, que hacen las veces de entes ejecutores. Los documentos a los que accedi\u00f3 este medio muestran los retrasos que tiene la iniciativa. Incluso una obra que figura en ejecuci\u00f3n est\u00e1 paralizada: se trata del edificio que deb\u00eda construirse en Z\u00e1rate, municipio al que le dieron $96 millones para una escuela que no existe. No hay nada.<\/p>\n\n\n\n<p>Monte Hermoso: un convenio que se firm\u00f3 hace casi un a\u00f1o y una escuela que todav\u00eda est\u00e1 en un 0%<\/p>\n\n\n\n<figure class=\"wp-block-image size-large\"><img loading=\"lazy\" decoding=\"async\" width=\"1024\" height=\"576\" src=\"https:\/\/www.todoeldia.com\/wp-content\/uploads\/2023\/07\/image-161-1024x576.png\" alt=\"\" class=\"wp-image-61569\" srcset=\"https:\/\/www.todoeldia.com\/wp-content\/uploads\/2023\/07\/image-161-1024x576.png 1024w, https:\/\/www.todoeldia.com\/wp-content\/uploads\/2023\/07\/image-161-300x169.png 300w, https:\/\/www.todoeldia.com\/wp-content\/uploads\/2023\/07\/image-161-768x432.png 768w, https:\/\/www.todoeldia.com\/wp-content\/uploads\/2023\/07\/image-161-696x392.png 696w, https:\/\/www.todoeldia.com\/wp-content\/uploads\/2023\/07\/image-161-1068x601.png 1068w, https:\/\/www.todoeldia.com\/wp-content\/uploads\/2023\/07\/image-161-747x420.png 747w, https:\/\/www.todoeldia.com\/wp-content\/uploads\/2023\/07\/image-161.png 1440w\" sizes=\"auto, (max-width: 1024px) 100vw, 1024px\" \/><\/figure>\n\n\n\n<p><strong>La obra en Monte Hermoso practicamente no empez\u00f3, aunque el convenio se firm\u00f3 en agosto de 2022<\/strong><\/p>\n\n\n\n<p>Otro caso que expone los grandes retrasos que tiene el programa es el de la Escuela T\u00e9cnica de Monte Hermoso. El convenio entre Obras P\u00fablicas y el municipio se firm\u00f3 el 30 de agosto de 2022, casi un a\u00f1o atr\u00e1s pero el inicio formal de la obra lleg\u00f3 reci\u00e9n el 15 de mayo de este a\u00f1o.<\/p>\n\n\n\n<p>Telenoche viaj\u00f3 hasta Monte Hermoso donde se encontr\u00f3 con una obra que todav\u00eda est\u00e1 en un cero por ciento. Pasaron m\u00e1s de dos meses del inicio del proyecto y hasta ahora solo parece haberse hecho un trabajo de replanteo y estudio del suelo. La construcci\u00f3n, por ahora, es solo el cartel.<\/p>\n","protected":false},"excerpt":{"rendered":"<p>\u201cTelenoche\u201d comprob\u00f3 que de los pocos edificios que figuran en \u201cejecuci\u00f3n\u201d, la mayor\u00eda est\u00e1 en un 0% de avance, hay 11 a medio hacer y uno es un terreno bald\u00edo. El anuncio lo hizo de Alberto Fern\u00e1ndez en febrero de 2022. \u201cPor eso ahora, el principal objetivo despu\u00e9s de la pandemia es que la Argentina [&hellip;]<\/p>\n","protected":false},"author":2,"featured_media":61567,"comment_status":"open","ping_status":"open","sticky":false,"template":"","format":"standard","meta":{"tdm_status":"","tdm_grid_status":"","_joinchat":[],"footnotes":""},"categories":[59],"tags":[],"class_list":{"0":"post-61566","1":"post","2":"type-post","3":"status-publish","4":"format-standard","5":"has-post-thumbnail","7":"category-politica"},"amp_enabled":true,"_links":{"self":[{"href":"https:\/\/www.todoeldia.com\/index.php\/wp-json\/wp\/v2\/posts\/61566","targetHints":{"allow":["GET"]}}],"collection":[{"href":"https:\/\/www.todoeldia.com\/index.php\/wp-json\/wp\/v2\/posts"}],"about":[{"href":"https:\/\/www.todoeldia.com\/index.php\/wp-json\/wp\/v2\/types\/post"}],"author":[{"embeddable":true,"href":"https:\/\/www.todoeldia.com\/index.php\/wp-json\/wp\/v2\/users\/2"}],"replies":[{"embeddable":true,"href":"https:\/\/www.todoeldia.com\/index.php\/wp-json\/wp\/v2\/comments?post=61566"}],"version-history":[{"count":2,"href":"https:\/\/www.todoeldia.com\/index.php\/wp-json\/wp\/v2\/posts\/61566\/revisions"}],"predecessor-version":[{"id":61571,"href":"https:\/\/www.todoeldia.com\/index.php\/wp-json\/wp\/v2\/posts\/61566\/revisions\/61571"}],"wp:featuredmedia":[{"embeddable":true,"href":"https:\/\/www.todoeldia.com\/index.php\/wp-json\/wp\/v2\/media\/61567"}],"wp:attachment":[{"href":"https:\/\/www.todoeldia.com\/index.php\/wp-json\/wp\/v2\/media?parent=61566"}],"wp:term":[{"taxonomy":"category","embeddable":true,"href":"https:\/\/www.todoeldia.com\/index.php\/wp-json\/wp\/v2\/categories?post=61566"},{"taxonomy":"post_tag","embeddable":true,"href":"https:\/\/www.todoeldia.com\/index.php\/wp-json\/wp\/v2\/tags?post=61566"}],"curies":[{"name":"wp","href":"https:\/\/api.w.org\/{rel}","templated":true}]}}