{"id":61572,"date":"2023-07-25T12:13:55","date_gmt":"2023-07-25T15:13:55","guid":{"rendered":"https:\/\/www.todoeldia.com\/?p=61572"},"modified":"2023-07-25T12:13:56","modified_gmt":"2023-07-25T15:13:56","slug":"l-gante-seguira-detenido","status":"publish","type":"post","link":"https:\/\/www.todoeldia.com\/index.php\/2023\/07\/25\/l-gante-seguira-detenido\/","title":{"rendered":"L-Gante seguir\u00e1 detenido"},"content":{"rendered":"\n<p>El m\u00fasico se encontraba esperanzado de recuperar la libertad, pero ya le informaron que no ser\u00e1 posible.<\/p>\n\n\n\n<p>L-Gante, estaba a punto de salir de la c\u00e1rcel donde est\u00e1 preso desde el 6 de junio, acusado de haber secuestrado a un joven y de haberlo amenazado de muerte. Sin embargo, en las \u00faltimas horas se supo que por una resoluci\u00f3n judicial seguir\u00e1 en la DDI de Quilmes.<\/p>\n\n\n\n<p>En principio, la Justicia hab\u00eda determinado que el m\u00fasico pod\u00eda salir de prisi\u00f3n y alojarse en una casa de un country de la localidad de Canning, en el partido bonaerense de Ezeiza, donde deb\u00eda permanecer con tobillera electr\u00f3nica, pero los doctores Leonardo Sigal y Pablo Becerra solicitaron que se revoque el decisorio impugnado.<\/p>\n\n\n\n<p>\u201cConsideran sensible entender que beneficiar a un imputado tambi\u00e9n puede beneficiar a la v\u00edctima, en relaci\u00f3n al fundamento de que, si Valenzuela es pasible de tal medida, se terminar\u00edan las amenazas en contra de las v\u00edctimas y sus letrados. Sostiene que los peligros de fuga y entorpecimiento probatorio, por el momento, no pueden evitarse con la aplicaci\u00f3n de otra medida menos gravosa\u201d, aseguraron desde la Sala I de la C\u00e1mara de Apelaciones de Mercedes. Ante esto, al abogado del int\u00e9rprete de cumbia 420 le queda una instancia de apelaci\u00f3n en la C\u00e1mara Casaci\u00f3n de Bonaerense para lograr la excarcelaci\u00f3n de su cliente.<\/p>\n","protected":false},"excerpt":{"rendered":"<p>El m\u00fasico se encontraba esperanzado de recuperar la libertad, pero ya le informaron que no ser\u00e1 posible. L-Gante, estaba a punto de salir de la c\u00e1rcel donde est\u00e1 preso desde el 6 de junio, acusado de haber secuestrado a un joven y de haberlo amenazado de muerte. Sin embargo, en las \u00faltimas horas se supo [&hellip;]<\/p>\n","protected":false},"author":2,"featured_media":59431,"comment_status":"open","ping_status":"open","sticky":false,"template":"","format":"standard","meta":{"tdm_status":"","tdm_grid_status":"","_joinchat":[],"footnotes":""},"categories":[63],"tags":[],"class_list":{"0":"post-61572","1":"post","2":"type-post","3":"status-publish","4":"format-standard","5":"has-post-thumbnail","7":"category-policiales"},"amp_enabled":true,"_links":{"self":[{"href":"https:\/\/www.todoeldia.com\/index.php\/wp-json\/wp\/v2\/posts\/61572","targetHints":{"allow":["GET"]}}],"collection":[{"href":"https:\/\/www.todoeldia.com\/index.php\/wp-json\/wp\/v2\/posts"}],"about":[{"href":"https:\/\/www.todoeldia.com\/index.php\/wp-json\/wp\/v2\/types\/post"}],"author":[{"embeddable":true,"href":"https:\/\/www.todoeldia.com\/index.php\/wp-json\/wp\/v2\/users\/2"}],"replies":[{"embeddable":true,"href":"https:\/\/www.todoeldia.com\/index.php\/wp-json\/wp\/v2\/comments?post=61572"}],"version-history":[{"count":1,"href":"https:\/\/www.todoeldia.com\/index.php\/wp-json\/wp\/v2\/posts\/61572\/revisions"}],"predecessor-version":[{"id":61573,"href":"https:\/\/www.todoeldia.com\/index.php\/wp-json\/wp\/v2\/posts\/61572\/revisions\/61573"}],"wp:featuredmedia":[{"embeddable":true,"href":"https:\/\/www.todoeldia.com\/index.php\/wp-json\/wp\/v2\/media\/59431"}],"wp:attachment":[{"href":"https:\/\/www.todoeldia.com\/index.php\/wp-json\/wp\/v2\/media?parent=61572"}],"wp:term":[{"taxonomy":"category","embeddable":true,"href":"https:\/\/www.todoeldia.com\/index.php\/wp-json\/wp\/v2\/categories?post=61572"},{"taxonomy":"post_tag","embeddable":true,"href":"https:\/\/www.todoeldia.com\/index.php\/wp-json\/wp\/v2\/tags?post=61572"}],"curies":[{"name":"wp","href":"https:\/\/api.w.org\/{rel}","templated":true}]}}