{"id":61694,"date":"2023-07-26T14:42:28","date_gmt":"2023-07-26T17:42:28","guid":{"rendered":"https:\/\/www.todoeldia.com\/?p=61694"},"modified":"2023-07-26T14:42:31","modified_gmt":"2023-07-26T17:42:31","slug":"fue-imputado-el-homicida-de-un-joven-en-pichanal","status":"publish","type":"post","link":"https:\/\/www.todoeldia.com\/index.php\/2023\/07\/26\/fue-imputado-el-homicida-de-un-joven-en-pichanal\/","title":{"rendered":"Fue imputado el homicida de un joven en Pichanal"},"content":{"rendered":"\n<p>El hecho ocurri\u00f3 el pasado jueves 20, cuando tras una disputa, un hombre de 21 a\u00f1os result\u00f3 herido con un arma blanca y falleci\u00f3 antes de poder ser asistido. El acusado fue identificado y se solicit\u00f3 que se mantenga detenido.<\/p>\n\n\n\n<p>La fiscal penal de la Unidad de Graves Atentados contra las Personas de Or\u00e1n, Claudia Carreras, imput\u00f3 de forma provisional a un hombre de 22 a\u00f1os como autor del delito de homicidio simple en perjuicio de Maximiliano Jorge Taborda.<\/p>\n\n\n\n<p>Tras la audiencia de imputaci\u00f3n, desde la Fiscal\u00eda se solicit\u00f3 al Juzgado de Garant\u00edas 1 de ese distrito, que se mantenga detenido al acusado.<\/p>\n\n\n\n<p>El pasado 20 de julio por la noche, en barrio Misi\u00f3n San Francisco de Pichanal, tras una pelea en inmediaciones de una cancha, Taborda result\u00f3 gravemente herido con un arma blanca a la altura del t\u00f3rax. Antes de que pudiera recibir asistencia m\u00e9dica, el hombre falleci\u00f3 debido a la gravedad de sus heridas.<\/p>\n\n\n\n<p>Del trabajo investigativo desplegado por el personal de la Unidad de Investigaci\u00f3n GAP Or\u00e1n que intervino a fin de esclarecer los hechos, se identific\u00f3 al principal sospechoso de ser el autor del acto violento, el cual fue detenido en las inmediaciones.<\/p>\n","protected":false},"excerpt":{"rendered":"<p>El hecho ocurri\u00f3 el pasado jueves 20, cuando tras una disputa, un hombre de 21 a\u00f1os result\u00f3 herido con un arma blanca y falleci\u00f3 antes de poder ser asistido. El acusado fue identificado y se solicit\u00f3 que se mantenga detenido. La fiscal penal de la Unidad de Graves Atentados contra las Personas de Or\u00e1n, Claudia [&hellip;]<\/p>\n","protected":false},"author":2,"featured_media":16004,"comment_status":"open","ping_status":"open","sticky":false,"template":"","format":"standard","meta":{"tdm_status":"","tdm_grid_status":"","_joinchat":[],"footnotes":""},"categories":[63],"tags":[],"class_list":{"0":"post-61694","1":"post","2":"type-post","3":"status-publish","4":"format-standard","5":"has-post-thumbnail","7":"category-policiales"},"amp_enabled":true,"_links":{"self":[{"href":"https:\/\/www.todoeldia.com\/index.php\/wp-json\/wp\/v2\/posts\/61694","targetHints":{"allow":["GET"]}}],"collection":[{"href":"https:\/\/www.todoeldia.com\/index.php\/wp-json\/wp\/v2\/posts"}],"about":[{"href":"https:\/\/www.todoeldia.com\/index.php\/wp-json\/wp\/v2\/types\/post"}],"author":[{"embeddable":true,"href":"https:\/\/www.todoeldia.com\/index.php\/wp-json\/wp\/v2\/users\/2"}],"replies":[{"embeddable":true,"href":"https:\/\/www.todoeldia.com\/index.php\/wp-json\/wp\/v2\/comments?post=61694"}],"version-history":[{"count":1,"href":"https:\/\/www.todoeldia.com\/index.php\/wp-json\/wp\/v2\/posts\/61694\/revisions"}],"predecessor-version":[{"id":61695,"href":"https:\/\/www.todoeldia.com\/index.php\/wp-json\/wp\/v2\/posts\/61694\/revisions\/61695"}],"wp:featuredmedia":[{"embeddable":true,"href":"https:\/\/www.todoeldia.com\/index.php\/wp-json\/wp\/v2\/media\/16004"}],"wp:attachment":[{"href":"https:\/\/www.todoeldia.com\/index.php\/wp-json\/wp\/v2\/media?parent=61694"}],"wp:term":[{"taxonomy":"category","embeddable":true,"href":"https:\/\/www.todoeldia.com\/index.php\/wp-json\/wp\/v2\/categories?post=61694"},{"taxonomy":"post_tag","embeddable":true,"href":"https:\/\/www.todoeldia.com\/index.php\/wp-json\/wp\/v2\/tags?post=61694"}],"curies":[{"name":"wp","href":"https:\/\/api.w.org\/{rel}","templated":true}]}}